{"id":14722,"date":"2025-11-26T12:22:49","date_gmt":"2025-11-26T15:22:49","guid":{"rendered":"https:\/\/lalupa24.com.ar\/?p=14722"},"modified":"2025-11-27T12:24:57","modified_gmt":"2025-11-27T15:24:57","slug":"este-jueves-27-el-ipduv-realizara-el-sorteo-publico-de-viviendas-en-concepcion-del-bermejo","status":"publish","type":"post","link":"https:\/\/lalupa24.com.ar\/index.php\/2025\/11\/26\/este-jueves-27-el-ipduv-realizara-el-sorteo-publico-de-viviendas-en-concepcion-del-bermejo\/","title":{"rendered":"Este jueves 27 el IPDUV realizar\u00e1 el sorteo p\u00fablico de viviendas en concepci\u00f3n del bermejo"},"content":{"rendered":"\n<h4 class=\"wp-block-heading\"><\/h4>\n\n\n\n<p>El sorteo se desarrollar\u00e1 mediante un sistema de segmentaci\u00f3n por categor\u00edas, que contempla las distintas realidades y necesidades de los hogares de la localidad. Las categor\u00edas incluyen familias sin hijos, familias con hijos y familias con integrantes con discapacidad, con el objetivo de asegurar un acceso justo y equitativo a las viviendas.<br>El padr\u00f3n definitivo permanecer\u00e1 disponible para consulta p\u00fablica hasta instantes previos al inicio del sorteo, garantizando transparencia en el proceso y permitiendo que cada familia verifique su inclusi\u00f3n antes de la adjudicaci\u00f3n.<br>Podr\u00e1n participar las familias inscriptas en el padr\u00f3n provisorio de postulantes, que cumplen con el requisito de contar con ingresos m\u00ednimos superiores a 650.000 pesos por grupo familiar.<\/p>\n\n\n\n<p>La realizaci\u00f3n de este sorteo representa un avance significativo dentro de las pol\u00edticas provinciales de acceso a la vivienda y da respuesta a una demanda hist\u00f3rica de los vecinos de Concepci\u00f3n del Bermejo<\/p>\n","protected":false},"excerpt":{"rendered":"<p>El sorteo se desarrollar\u00e1 mediante un sistema de segmentaci\u00f3n por categor\u00edas, que contempla las distintas realidades y necesidades de los hogares de la localidad. Las categor\u00edas incluyen familias sin hijos, familias con hijos y familias con integrantes con discapacidad, con el objetivo de asegurar un acceso justo y equitativo a las viviendas.El padr\u00f3n definitivo permanecer\u00e1 [&hellip;]<\/p>\n","protected":false},"author":2,"featured_media":14723,"comment_status":"open","ping_status":"open","sticky":false,"template":"","format":"standard","meta":{"footnotes":""},"categories":[28],"tags":[],"class_list":{"0":"post-14722","1":"post","2":"type-post","3":"status-publish","4":"format-standard","5":"has-post-thumbnail","7":"category-locales"},"aioseo_notices":[],"_links":{"self":[{"href":"https:\/\/lalupa24.com.ar\/index.php\/wp-json\/wp\/v2\/posts\/14722","targetHints":{"allow":["GET"]}}],"collection":[{"href":"https:\/\/lalupa24.com.ar\/index.php\/wp-json\/wp\/v2\/posts"}],"about":[{"href":"https:\/\/lalupa24.com.ar\/index.php\/wp-json\/wp\/v2\/types\/post"}],"author":[{"embeddable":true,"href":"https:\/\/lalupa24.com.ar\/index.php\/wp-json\/wp\/v2\/users\/2"}],"replies":[{"embeddable":true,"href":"https:\/\/lalupa24.com.ar\/index.php\/wp-json\/wp\/v2\/comments?post=14722"}],"version-history":[{"count":1,"href":"https:\/\/lalupa24.com.ar\/index.php\/wp-json\/wp\/v2\/posts\/14722\/revisions"}],"predecessor-version":[{"id":14724,"href":"https:\/\/lalupa24.com.ar\/index.php\/wp-json\/wp\/v2\/posts\/14722\/revisions\/14724"}],"wp:featuredmedia":[{"embeddable":true,"href":"https:\/\/lalupa24.com.ar\/index.php\/wp-json\/wp\/v2\/media\/14723"}],"wp:attachment":[{"href":"https:\/\/lalupa24.com.ar\/index.php\/wp-json\/wp\/v2\/media?parent=14722"}],"wp:term":[{"taxonomy":"category","embeddable":true,"href":"https:\/\/lalupa24.com.ar\/index.php\/wp-json\/wp\/v2\/categories?post=14722"},{"taxonomy":"post_tag","embeddable":true,"href":"https:\/\/lalupa24.com.ar\/index.php\/wp-json\/wp\/v2\/tags?post=14722"}],"curies":[{"name":"wp","href":"https:\/\/api.w.org\/{rel}","templated":true}]}}