{"id":1476,"date":"2024-05-29T18:28:26","date_gmt":"2024-05-29T21:28:26","guid":{"rendered":"https:\/\/lalupa24.com.ar\/?p=1476"},"modified":"2024-05-29T18:28:27","modified_gmt":"2024-05-29T21:28:27","slug":"la-planificacion-como-eje-de-partida-para-que-los-territorios-se-desarrollen-de-manera-ordenada-dijo-el-gobernador","status":"publish","type":"post","link":"https:\/\/lalupa24.com.ar\/index.php\/2024\/05\/29\/la-planificacion-como-eje-de-partida-para-que-los-territorios-se-desarrollen-de-manera-ordenada-dijo-el-gobernador\/","title":{"rendered":"\u201cLa planificaci\u00f3n como eje de partida para que los territorios se desarrollen de manera ordenada\u201d dijo el gobernador"},"content":{"rendered":"\n<p>El acuerdo prev\u00e9 la implantaci\u00f3n de diferentes programas de fortalecimiento y capacitaci\u00f3n. El financiamiento es del CFI.<\/p>\n\n\n\n<p>El gobernador Leandro Zdero, este mi\u00e9rcoles, firm\u00f3 convenio con 12 municipios, con la Universidad Tecnol\u00f3gica Nacional (UTN) y el Consejo Federal Inversiones (CFI). El evento se realiz\u00f3 en el sal\u00f3n Obligado de Casa de Gobierno y firmaron el convenio adem\u00e1s el ministro de Producci\u00f3n y Desarrollo Econ\u00f3mico Sostenible Hern\u00e1n Halavacs y los intendentes de 12 municipios. El acuerdo prev\u00e9 la ejecuci\u00f3n del Fortalecimiento institucional, modernizaci\u00f3n funcional y actualizaci\u00f3n catastral municipal.<\/p>\n\n\n\n<p>Zdero agradeci\u00f3 a los intendentes por participar del programa y entender cu\u00e1l es el camino para consolidar el desarrollo de la provincia; \u201csi no hay planificaci\u00f3n no hay certezas, y para planificar bien tenemos que tener la informaci\u00f3n correcta\u201d, explic\u00f3 el gobernador. Destac\u00f3 en ese sentido que con el convenio se busca brindar una herramienta para que la gente viva mejor y para desterrar la idea de que se gobierna en la improvisaci\u00f3n. La misi\u00f3n que tenemos es que las ciudades se desarrollen, den garant\u00edas, seguridad y certezas\u201d, resalt\u00f3 y asegur\u00f3 que ello se logra con organizaci\u00f3n ya que permite optimizar los recursos. \u201cDe esta manera haremos una provincia ordenada\u201d, afirm\u00f3.<\/p>\n\n\n\n<p>Este convenio permitir\u00e1 trabajar en forma colaborativa y contin\u00faa en el marco de una decisi\u00f3n pol\u00edtica transversal que tom\u00f3 el gobierno provincial posicionando a la planificaci\u00f3n territorial no s\u00f3lo como parte fundamental de la agenda p\u00fablica provincial, si no como pol\u00edtica de estado.<\/p>\n\n\n\n<p>En el acto estuvieron presentes adem\u00e1s el secretario general del CFI Ignacio Lamothem, el secretario de Coordinaci\u00f3n de Gabinete, Livio Guti\u00e9rrez, la Subsecretaria de Municipios Galarza, Sonia Gabriela, la subsecretaria de Desarrollo Territorial Alicia Ogara, el subsecretario de Modernizaci\u00f3n Federico Valdez, el presidente de ECOM Chaco Luis Verga y el decano de la UTN Jorge De Pedro. Adem\u00e1s de los 12 intendentes que firmaron el convenio en esta primera etapa: Barranqueras, Basail, Du Graty, Colonia Popular, Concepci\u00f3n del Bermejo, Fontana, Isla del Cerito, Las Bre\u00f1as, Pampa del Infierno, S\u00e1enz Pe\u00f1a, Puerto Vilelas y Santa Sylvina.<\/p>\n\n\n\n<p>La intendente de Colonia Popular, Mariela Soto agradeci\u00f3 al gobierno provincial por tener esta mirada a hacia los municipios; \u201ces muy importante porque necesitamos implementar el uso de tecnolog\u00eda para agilizar los tr\u00e1mites y para que los contribuyentes no esperen; y el personal tiene estar a la altura de poder brindar esos servicios\u201d, consider\u00f3.<\/p>\n\n\n\n<p>Por \u00faltimo, remarcar que ECOM y la UTN firmaron un convenio para el programa de Fortalecimiento Institucional de Modernizaci\u00f3n Funcional y Actualizaci\u00f3n Catastral que incluye los programas de Base de datos de im\u00e1genes \u00e1reas\/sistema de gesti\u00f3n de informaci\u00f3n municipal, capacitaci\u00f3n del personal del municipio y sensibilizaci\u00f3n de la planificaci\u00f3n estrat\u00e9gica.<\/p>\n","protected":false},"excerpt":{"rendered":"<p>El acuerdo prev\u00e9 la implantaci\u00f3n de diferentes programas de fortalecimiento y capacitaci\u00f3n. El financiamiento es del CFI. El gobernador Leandro Zdero, este mi\u00e9rcoles, firm\u00f3 convenio con 12 municipios, con la Universidad Tecnol\u00f3gica Nacional (UTN) y el Consejo Federal Inversiones (CFI). El evento se realiz\u00f3 en el sal\u00f3n Obligado de Casa de Gobierno y firmaron el [&hellip;]<\/p>\n","protected":false},"author":2,"featured_media":1477,"comment_status":"open","ping_status":"open","sticky":false,"template":"","format":"standard","meta":{"footnotes":""},"categories":[28],"tags":[],"class_list":{"0":"post-1476","1":"post","2":"type-post","3":"status-publish","4":"format-standard","5":"has-post-thumbnail","7":"category-locales"},"aioseo_notices":[],"_links":{"self":[{"href":"https:\/\/lalupa24.com.ar\/index.php\/wp-json\/wp\/v2\/posts\/1476","targetHints":{"allow":["GET"]}}],"collection":[{"href":"https:\/\/lalupa24.com.ar\/index.php\/wp-json\/wp\/v2\/posts"}],"about":[{"href":"https:\/\/lalupa24.com.ar\/index.php\/wp-json\/wp\/v2\/types\/post"}],"author":[{"embeddable":true,"href":"https:\/\/lalupa24.com.ar\/index.php\/wp-json\/wp\/v2\/users\/2"}],"replies":[{"embeddable":true,"href":"https:\/\/lalupa24.com.ar\/index.php\/wp-json\/wp\/v2\/comments?post=1476"}],"version-history":[{"count":1,"href":"https:\/\/lalupa24.com.ar\/index.php\/wp-json\/wp\/v2\/posts\/1476\/revisions"}],"predecessor-version":[{"id":1478,"href":"https:\/\/lalupa24.com.ar\/index.php\/wp-json\/wp\/v2\/posts\/1476\/revisions\/1478"}],"wp:featuredmedia":[{"embeddable":true,"href":"https:\/\/lalupa24.com.ar\/index.php\/wp-json\/wp\/v2\/media\/1477"}],"wp:attachment":[{"href":"https:\/\/lalupa24.com.ar\/index.php\/wp-json\/wp\/v2\/media?parent=1476"}],"wp:term":[{"taxonomy":"category","embeddable":true,"href":"https:\/\/lalupa24.com.ar\/index.php\/wp-json\/wp\/v2\/categories?post=1476"},{"taxonomy":"post_tag","embeddable":true,"href":"https:\/\/lalupa24.com.ar\/index.php\/wp-json\/wp\/v2\/tags?post=1476"}],"curies":[{"name":"wp","href":"https:\/\/api.w.org\/{rel}","templated":true}]}}