{"id":14774,"date":"2025-12-01T11:43:48","date_gmt":"2025-12-01T14:43:48","guid":{"rendered":"https:\/\/lalupa24.com.ar\/?p=14774"},"modified":"2025-12-01T11:43:49","modified_gmt":"2025-12-01T14:43:49","slug":"santilli-visita-corrientes-y-se-prepara-para-recibir-a-jorge-macri-y-al-peronista-ziliotto","status":"publish","type":"post","link":"https:\/\/lalupa24.com.ar\/index.php\/2025\/12\/01\/santilli-visita-corrientes-y-se-prepara-para-recibir-a-jorge-macri-y-al-peronista-ziliotto\/","title":{"rendered":"Santilli visita Corrientes y se prepara para recibir a Jorge Macri y al peronista Ziliotto"},"content":{"rendered":"\n<p>Tras la reuni\u00f3n de hoy con el gobernador Vald\u00e9s, el ministro del Interior sumar\u00e1 esta semana dos nuevos contactos.<\/p>\n\n\n\n<p>El ministro del Interior, Diego Santilli, viajar\u00e1 este lunes a la provincia de Corrientes para reunirse con el gobernador Gustavo Vald\u00e9s y tiene previsto recibir el jueves al jefe de Gobierno porte\u00f1o, Jorge Macri, y al peronista Sergio Ziliotto el viernes, ambos en la Casa Rosada.<\/p>\n\n\n\n<p>El funcionario aspira a terminar la ronda de reuniones con los 20 gobernadores aliados que firmaron el Pacto de Mayo para definir la pol\u00edtica que tendr\u00e1 el Gobierno con los cuatro mandatarios provinciales rebeldes.<\/p>\n\n\n\n<p>Para completar el grupo de los 20 quedan a\u00fan resta coordinar contactos con el puntano Luis Poggi y el santafesino Maximiliano Pullaro, quien anticip\u00f3 que no tiene intenciones de concretar una reuni\u00f3n si no hay respuesta a los reclamos.<\/p>\n\n\n\n<p>&#8220;Quisiera sinceramente que nos den respuestas. No tiene que ver con lo que a veces dicen que \u2018ustedes les van a dar los votos para las reformas que est\u00e1 planteando el Congreso\u2019. En lo que estamos de acuerdo, s\u00ed lo vamos a dar, y en lo que no estamos de acuerdo, no\u201c, anticip\u00f3 Pullaro.<\/p>\n\n\n\n<p>La administraci\u00f3n libertaria apuesta a buscar los consensos necesarios para aprobar el Presupuesto 2026 y la reforma laboral durante el mes de diciembre y el resto del temario que se tratar\u00e1 en febrero, en el marco de la extensi\u00f3n de sesiones extraordinarias.<\/p>\n\n\n\n<p>Por los pasillos de Balcarce 50, reina el optimismo de cara al tratamiento de la Ley de Leyes que dotar\u00e1 al Gobierno de una previsi\u00f3n presupuestaria por primera vez desde la asunci\u00f3n del presidente Javier Milei.<\/p>\n\n\n\n<p>Mientras Santilli en t\u00e1ndem con el jefe de Gabinete, Manuel Adorni, negocian con gobernadores, el titular de la C\u00e1mara de Diputados, Mart\u00edn Menem, y la senadora de La Libertad Avanza Patricia Bullrich hacen lo propio en las respectivas c\u00e1maras.<\/p>\n","protected":false},"excerpt":{"rendered":"<p>Tras la reuni\u00f3n de hoy con el gobernador Vald\u00e9s, el ministro del Interior sumar\u00e1 esta semana dos nuevos contactos. El ministro del Interior, Diego Santilli, viajar\u00e1 este lunes a la provincia de Corrientes para reunirse con el gobernador Gustavo Vald\u00e9s y tiene previsto recibir el jueves al jefe de Gobierno porte\u00f1o, Jorge Macri, y al [&hellip;]<\/p>\n","protected":false},"author":11,"featured_media":14775,"comment_status":"open","ping_status":"open","sticky":false,"template":"","format":"standard","meta":{"footnotes":""},"categories":[26],"tags":[],"class_list":{"0":"post-14774","1":"post","2":"type-post","3":"status-publish","4":"format-standard","5":"has-post-thumbnail","7":"category-nacionales"},"aioseo_notices":[],"_links":{"self":[{"href":"https:\/\/lalupa24.com.ar\/index.php\/wp-json\/wp\/v2\/posts\/14774","targetHints":{"allow":["GET"]}}],"collection":[{"href":"https:\/\/lalupa24.com.ar\/index.php\/wp-json\/wp\/v2\/posts"}],"about":[{"href":"https:\/\/lalupa24.com.ar\/index.php\/wp-json\/wp\/v2\/types\/post"}],"author":[{"embeddable":true,"href":"https:\/\/lalupa24.com.ar\/index.php\/wp-json\/wp\/v2\/users\/11"}],"replies":[{"embeddable":true,"href":"https:\/\/lalupa24.com.ar\/index.php\/wp-json\/wp\/v2\/comments?post=14774"}],"version-history":[{"count":1,"href":"https:\/\/lalupa24.com.ar\/index.php\/wp-json\/wp\/v2\/posts\/14774\/revisions"}],"predecessor-version":[{"id":14776,"href":"https:\/\/lalupa24.com.ar\/index.php\/wp-json\/wp\/v2\/posts\/14774\/revisions\/14776"}],"wp:featuredmedia":[{"embeddable":true,"href":"https:\/\/lalupa24.com.ar\/index.php\/wp-json\/wp\/v2\/media\/14775"}],"wp:attachment":[{"href":"https:\/\/lalupa24.com.ar\/index.php\/wp-json\/wp\/v2\/media?parent=14774"}],"wp:term":[{"taxonomy":"category","embeddable":true,"href":"https:\/\/lalupa24.com.ar\/index.php\/wp-json\/wp\/v2\/categories?post=14774"},{"taxonomy":"post_tag","embeddable":true,"href":"https:\/\/lalupa24.com.ar\/index.php\/wp-json\/wp\/v2\/tags?post=14774"}],"curies":[{"name":"wp","href":"https:\/\/api.w.org\/{rel}","templated":true}]}}