{"id":14789,"date":"2025-12-01T12:48:20","date_gmt":"2025-12-01T15:48:20","guid":{"rendered":"https:\/\/lalupa24.com.ar\/?p=14789"},"modified":"2025-12-01T12:48:20","modified_gmt":"2025-12-01T15:48:20","slug":"por-dnu-el-gobierno-modifico-el-presupuesto-para-ampliar-partidas","status":"publish","type":"post","link":"https:\/\/lalupa24.com.ar\/index.php\/2025\/12\/01\/por-dnu-el-gobierno-modifico-el-presupuesto-para-ampliar-partidas\/","title":{"rendered":"Por DNU el Gobierno modific\u00f3 el Presupuesto para ampliar partidas"},"content":{"rendered":"\n<p>La medida fue publicada este lunes en el Bolet\u00edn Oficial. Se destinan recursos para el pago de salarios, prestaciones y refuerzo en hospitales, entre otros.<\/p>\n\n\n\n<p>A trav\u00e9s del decreto de necesidad y urgencia 849\/2025, el Gobierno nacional realiz\u00f3 una nueva modificaci\u00f3n del presupuesto que se encuentra prorrogado hace dos a\u00f1os, con el fin de ampliar partidas para salarios, seguridad social y salud, entre otras.<\/p>\n\n\n\n<p>La medida, que fue publicada este lunes en el Bolet\u00edn Oficial, se trata de la primera de este tipo desde que Manuel Adorni es jefe de Gabinete.<\/p>\n\n\n\n<p>En los considerandos del DNU se expres\u00f3 que \u201cdada la emergencia econ\u00f3mica actual, es necesario que el Gobierno pueda asegurar una distribuci\u00f3n razonable de sus recursos con el fin de poder cumplir con sus obligaciones\u201d.<\/p>\n\n\n\n<p>\u201cCorresponde adecuar el presupuesto nacional que se encontrar\u00e1 vigente a lo largo del corriente ejercicio, asignando recursos adicionales a \u00e1reas concretas\u201d, agreg\u00f3 el Poder Ejecutivo y, en esa l\u00ednea, advirti\u00f3 que \u201cde no realizarse la adecuaci\u00f3n del presupuesto de forma inmediata, peligrar\u00eda la prestaci\u00f3n de ciertos servicios esenciales cuyo responsable es el Estado Nacional\u201d.<\/p>\n\n\n\n<p>Al detallar parte del destino de los fondos asignados, el Gobierno precis\u00f3 que la modificaci\u00f3n \u201ccontempla, entre otras cuestiones, el refuerzo de los cr\u00e9ditos de gastos en personal, con el fin de atender necesidades vigentes en materia salarial, de gastos de funcionamiento, equipamiento, as\u00ed como de los cr\u00e9ditos para pago de subsidios, becas, compensaciones, transferencias varias y erogaciones que hacen al cumplimiento del cometido de las Jurisdicciones y Entidades de la Administraci\u00f3n Nacional\u201d.<\/p>\n\n\n\n<p>Por otro lado, se dispone readecuar los cr\u00e9ditos presupuestarios del Servicio de la Deuda P\u00fablica para posibilitar la atenci\u00f3n de los servicios financieros de la deuda p\u00fablica del presente ejercicio y de las obligaciones a cargo del Tesoro.<\/p>\n\n\n\n<p>Al mismo tiempo, el decreto autoriza al Ministerio de Econom\u00eda a \u201cmodificar, transformar, disolver o liquidar el Fondo de Desarrollo Gas\u00edfero Argentino (FONDESGAS), a fin de evaluar el instrumento id\u00f3neo para canalizar el financiamiento de las obras de transporte de gas\u201d.<\/p>\n\n\n\n<p>Entre las partidas que se incrementan, se destinan refuerzos a la Direcci\u00f3n del Registro Nacional de Datos Gen\u00e9ticos (Ministerio de Seguridad) y al presupuesto para los haberes de las fuerzas de seguridad y de las Fuerzas Armadas.<\/p>\n\n\n\n<p>Tambi\u00e9n se destina un refuerzo del presupuesto para afrontar erogaciones de los hospitales Garrahan, El Cruce, Cuenca Alta \u201cN\u00e9stor Kirchner\u201d, Dr. Ren\u00e9 Favaloro, \u201cPresidente N\u00e9stor Kirchner\u201d y del Bicentenario Esteban Echeverr\u00eda.<\/p>\n\n\n\n<p>Asimismo, se incrementa el presupuesto de la Agencia Nacional de Discapacidad (ANDIS), con el fin de atender el pago de pensiones no contributivas; y sube el presupuesto vigente de la Secretar\u00eda de Ni\u00f1ez, Adolescencia y Familia, con destino a la atenci\u00f3n de la Prestaci\u00f3n Alimentar.<\/p>\n\n\n\n<p>A su vez, se prev\u00e9n m\u00e1s fondos para atender salarios docentes y no docentes universitarios; para la adquisici\u00f3n de computadoras y para transferencias destinadas a becas del Progresar, a comedores escolares y para la universalizaci\u00f3n de la jornada extendida.<\/p>\n\n\n\n<p>Tambi\u00e9n se transfieren m\u00e1s partidas para la Secretar\u00eda de Trabajo, la ANSeS y el PAMI.<\/p>\n","protected":false},"excerpt":{"rendered":"<p>La medida fue publicada este lunes en el Bolet\u00edn Oficial. Se destinan recursos para el pago de salarios, prestaciones y refuerzo en hospitales, entre otros. A trav\u00e9s del decreto de necesidad y urgencia 849\/2025, el Gobierno nacional realiz\u00f3 una nueva modificaci\u00f3n del presupuesto que se encuentra prorrogado hace dos a\u00f1os, con el fin de ampliar [&hellip;]<\/p>\n","protected":false},"author":11,"featured_media":14790,"comment_status":"open","ping_status":"open","sticky":false,"template":"","format":"standard","meta":{"footnotes":""},"categories":[26],"tags":[],"class_list":{"0":"post-14789","1":"post","2":"type-post","3":"status-publish","4":"format-standard","5":"has-post-thumbnail","7":"category-nacionales"},"aioseo_notices":[],"_links":{"self":[{"href":"https:\/\/lalupa24.com.ar\/index.php\/wp-json\/wp\/v2\/posts\/14789","targetHints":{"allow":["GET"]}}],"collection":[{"href":"https:\/\/lalupa24.com.ar\/index.php\/wp-json\/wp\/v2\/posts"}],"about":[{"href":"https:\/\/lalupa24.com.ar\/index.php\/wp-json\/wp\/v2\/types\/post"}],"author":[{"embeddable":true,"href":"https:\/\/lalupa24.com.ar\/index.php\/wp-json\/wp\/v2\/users\/11"}],"replies":[{"embeddable":true,"href":"https:\/\/lalupa24.com.ar\/index.php\/wp-json\/wp\/v2\/comments?post=14789"}],"version-history":[{"count":1,"href":"https:\/\/lalupa24.com.ar\/index.php\/wp-json\/wp\/v2\/posts\/14789\/revisions"}],"predecessor-version":[{"id":14791,"href":"https:\/\/lalupa24.com.ar\/index.php\/wp-json\/wp\/v2\/posts\/14789\/revisions\/14791"}],"wp:featuredmedia":[{"embeddable":true,"href":"https:\/\/lalupa24.com.ar\/index.php\/wp-json\/wp\/v2\/media\/14790"}],"wp:attachment":[{"href":"https:\/\/lalupa24.com.ar\/index.php\/wp-json\/wp\/v2\/media?parent=14789"}],"wp:term":[{"taxonomy":"category","embeddable":true,"href":"https:\/\/lalupa24.com.ar\/index.php\/wp-json\/wp\/v2\/categories?post=14789"},{"taxonomy":"post_tag","embeddable":true,"href":"https:\/\/lalupa24.com.ar\/index.php\/wp-json\/wp\/v2\/tags?post=14789"}],"curies":[{"name":"wp","href":"https:\/\/api.w.org\/{rel}","templated":true}]}}