{"id":14795,"date":"2025-12-03T09:53:39","date_gmt":"2025-12-03T12:53:39","guid":{"rendered":"https:\/\/lalupa24.com.ar\/?p=14795"},"modified":"2025-12-03T09:53:40","modified_gmt":"2025-12-03T12:53:40","slug":"investigan-una-posible-relacion-entre-benitez-y-cesar-sena","status":"publish","type":"post","link":"https:\/\/lalupa24.com.ar\/index.php\/2025\/12\/03\/investigan-una-posible-relacion-entre-benitez-y-cesar-sena\/","title":{"rendered":"Investigan una posible relaci\u00f3n entre Ben\u00edtez y C\u00e9sar Sena"},"content":{"rendered":"\n<p>Varios operativos se realizan ahora en el ex barrio Emerenciano, por el caso Elvis Ben\u00edtez, el joven que desapareci\u00f3 en diciembre de 2017 y en el que en los \u00faltimos d\u00edas resurgi\u00f3 la hip\u00f3tesis de la posible vinculaci\u00f3n del Clan Sena en el hecho.<\/p>\n\n\n\n<p>Este mi\u00e9rcoles la Polic\u00eda provincial dio inicio a diversos operativos en el barrio Papa Francisco, ex Emerenciano, por el caso del joven que desapareci\u00f3 hace ocho a\u00f1os.<\/p>\n\n\n\n<p>Aunque no trascendieron mayores detalles de los procedimientos, los mismos estar\u00edan relacionados a conversaciones entre los efectivos y los vecinos del lugar.<\/p>\n\n\n\n<p>Esto se debe porque en los \u00faltimos d\u00edas se reactiv\u00f3 la investigaci\u00f3n por la b\u00fasqueda del chico, de 18 a\u00f1os, debido a que surgi\u00f3 una posible relaci\u00f3n entre C\u00e9sar Sena, condenado por el femicidio de Cecilia Strzyzowski y Ben\u00edtez.<\/p>\n\n\n\n<p>\u201cPor lo que se sabe, no hay nada probado, pero el personal se entrevista para saber si es factible esa versi\u00f3n\u201d, detallaron.&nbsp; &nbsp;&nbsp;<\/p>\n","protected":false},"excerpt":{"rendered":"<p>Varios operativos se realizan ahora en el ex barrio Emerenciano, por el caso Elvis Ben\u00edtez, el joven que desapareci\u00f3 en diciembre de 2017 y en el que en los \u00faltimos d\u00edas resurgi\u00f3 la hip\u00f3tesis de la posible vinculaci\u00f3n del Clan Sena en el hecho. Este mi\u00e9rcoles la Polic\u00eda provincial dio inicio a diversos operativos en [&hellip;]<\/p>\n","protected":false},"author":11,"featured_media":14796,"comment_status":"open","ping_status":"open","sticky":false,"template":"","format":"standard","meta":{"footnotes":""},"categories":[28],"tags":[],"class_list":{"0":"post-14795","1":"post","2":"type-post","3":"status-publish","4":"format-standard","5":"has-post-thumbnail","7":"category-locales"},"aioseo_notices":[],"_links":{"self":[{"href":"https:\/\/lalupa24.com.ar\/index.php\/wp-json\/wp\/v2\/posts\/14795","targetHints":{"allow":["GET"]}}],"collection":[{"href":"https:\/\/lalupa24.com.ar\/index.php\/wp-json\/wp\/v2\/posts"}],"about":[{"href":"https:\/\/lalupa24.com.ar\/index.php\/wp-json\/wp\/v2\/types\/post"}],"author":[{"embeddable":true,"href":"https:\/\/lalupa24.com.ar\/index.php\/wp-json\/wp\/v2\/users\/11"}],"replies":[{"embeddable":true,"href":"https:\/\/lalupa24.com.ar\/index.php\/wp-json\/wp\/v2\/comments?post=14795"}],"version-history":[{"count":1,"href":"https:\/\/lalupa24.com.ar\/index.php\/wp-json\/wp\/v2\/posts\/14795\/revisions"}],"predecessor-version":[{"id":14797,"href":"https:\/\/lalupa24.com.ar\/index.php\/wp-json\/wp\/v2\/posts\/14795\/revisions\/14797"}],"wp:featuredmedia":[{"embeddable":true,"href":"https:\/\/lalupa24.com.ar\/index.php\/wp-json\/wp\/v2\/media\/14796"}],"wp:attachment":[{"href":"https:\/\/lalupa24.com.ar\/index.php\/wp-json\/wp\/v2\/media?parent=14795"}],"wp:term":[{"taxonomy":"category","embeddable":true,"href":"https:\/\/lalupa24.com.ar\/index.php\/wp-json\/wp\/v2\/categories?post=14795"},{"taxonomy":"post_tag","embeddable":true,"href":"https:\/\/lalupa24.com.ar\/index.php\/wp-json\/wp\/v2\/tags?post=14795"}],"curies":[{"name":"wp","href":"https:\/\/api.w.org\/{rel}","templated":true}]}}