{"id":14798,"date":"2025-12-03T10:06:22","date_gmt":"2025-12-03T13:06:22","guid":{"rendered":"https:\/\/lalupa24.com.ar\/?p=14798"},"modified":"2025-12-03T10:06:24","modified_gmt":"2025-12-03T13:06:24","slug":"la-camara-baja-realizara-su-sesion-preparatoria-gerardo-cipollini-presidira-la-sesion","status":"publish","type":"post","link":"https:\/\/lalupa24.com.ar\/index.php\/2025\/12\/03\/la-camara-baja-realizara-su-sesion-preparatoria-gerardo-cipollini-presidira-la-sesion\/","title":{"rendered":"\u00a0La C\u00e1mara baja realizar\u00e1 su sesi\u00f3n preparatoria Gerardo Cipollini presidir\u00e1 la sesi\u00f3n"},"content":{"rendered":"\n<p>En el transcurso de la misma jurar\u00e1n los 127 diputados nacionales electos el 26 de octubre pasado. Ser\u00e1 a partir de las 13 y previamente habr\u00e1 una sesi\u00f3n para aceptar renuncias, prevista para las 11. El oficialismo estrenar\u00e1 su condici\u00f3n de primera minor\u00eda.<\/p>\n\n\n\n<p>Una nueva era se inicia este mi\u00e9rcoles en la C\u00e1mara de Diputados. Es que si bien se trata de una sesi\u00f3n protocolar, establecida por el reglamento del Cuerpo, para tomar juramento de sus nuevos miembros y elegir autoridades, est\u00e1 claro que esto tendr\u00e1 lugar en una c\u00e1mara muy distinta de la que existi\u00f3 a lo largo de estos dos a\u00f1os. Y sobre todo el \u00faltimo, en el que mand\u00f3 claramente la oposici\u00f3n sobre un oficialismo que tuvo que defenderse todo el tiempo.<\/p>\n\n\n\n<p>Este mi\u00e9rcoles La Libertad Avanza estrenar\u00e1 en la C\u00e1mara de Diputados su nuevo rol de primera minor\u00eda. Una condici\u00f3n que alcanz\u00f3 trabajosamente, luego de que las elecciones del 26 de octubre pasado le permitieran duplicar al oficialismo la cantidad de sus miembros. Pero esos 79 diputados que registraba la noche de esa elecci\u00f3n registraron las \u00faltimas semanas un fuerte incremento num\u00e9rico, del 20%. Ese es el excedente en diputados que LLA tiene con relaci\u00f3n a cuando abrieron las urnas.<\/p>\n\n\n\n<p>El bloque que seguir\u00e1 conduciendo el cordob\u00e9s Gabriel Bornoroni suma formalmente desde este 3 de diciembre 95 diputados nacionales, que lo convierten en la primera minor\u00eda, tras desplazar a un Uni\u00f3n por la Patria que contaba con 98 diputados el 26 de octubre y con los tres catamarque\u00f1os que acaban de dejar el bloque ha quedado por debajo de La Libertad Avanza.<\/p>\n\n\n\n<p>En las \u00faltimas horas el \u201clibro de pases\u201d experiment\u00f3 una actividad febril de parte de todos los sectores deseosos de engrosar sus filas, con el fin de redondear n\u00fameros que les permitan ser considerados a la hora del reparto de las comisiones. En este contexto, hay dos polos que se llevan la mayor\u00eda: entre La Libertad Avanza y Uni\u00f3n por la Patria, suman el m\u00e1s del 73% de los miembros de las c\u00e1maras.<\/p>\n\n\n\n<p>Miembros del veintipico por ciento restante, el resto de los bloques pugnaban en las \u00faltimas horas por alcanzar n\u00fameros m\u00e1s considerables que les permitieran sumar mejor para integrar las comisiones. Tres sectores compet\u00edan en las \u00faltimas horas para convertirse en la tercera minor\u00eda. Por caso, los gobernadores, divididos en dos grupos diferenciados por el tipo de relaci\u00f3n que pretenden alcanzar con el Gobierno nacional. Los del norte, m\u00e1s un patag\u00f3nico, y los de Provincias Unidas, que pugnaban este martes por pasar la veintena de miembros.<\/p>\n\n\n\n<p>Estos \u00faltimos habiendo conseguido sumar finalmente a Miguel Pichetto y Nicol\u00e1s Massot, que el lunes hab\u00edan estallado contra los popes de Provincias Unidas por pretender estos que la vicegobernadora santafesina Gisela Scaglia presida el bloque, contra la voluntad de los otros, que consideraban natural que ese cargo lo ostentara Pichetto. Ahora estaban a la b\u00fasqueda de conseguir alinear junto a ellos a los dos de la Coalici\u00f3n C\u00edvica.<\/p>\n\n\n\n<p>En el caso del Pro, buscaba revivir una suerte de nuevo Juntos por el Cambio con los radicales, el MID y Coherencia. Entre tantas fugas, el Pro se acercaba a reunir apenas una docena, ahora con la salida de otros dos bullrichistas, mas sin destino libertario: Jos\u00e9 N\u00fa\u00f1ez y Sergio Capozzi, quienes ir\u00edan a Provincias Unidas.<\/p>\n\n\n\n<p>La sesi\u00f3n preparatoria prevista para este mi\u00e9rcoles ser\u00e1 presidida por el diputado de m\u00e1s edad, en este caso el radical chaque\u00f1o Gerardo Cipollini (82 a\u00f1os), y luego el pleno tendr\u00e1 la oportunidad de elegir a un presidente provisional, que ser\u00e1 quien les tome juramento a los diputados entrantes. No se descarta que sea la misma persona.<\/p>\n\n\n\n<p>Luego de las juras de los diputados se proceder\u00e1 a la elecci\u00f3n de autoridades, comenzando por el presidente de la C\u00e1mara, que ser\u00e1 revalidado (Mart\u00edn Menem) y luego tres vicepresidencias. Se estima que la duraci\u00f3n de esta sesi\u00f3n no deber\u00eda extenderse m\u00e1s de dos horas y media.<\/p>\n","protected":false},"excerpt":{"rendered":"<p>En el transcurso de la misma jurar\u00e1n los 127 diputados nacionales electos el 26 de octubre pasado. Ser\u00e1 a partir de las 13 y previamente habr\u00e1 una sesi\u00f3n para aceptar renuncias, prevista para las 11. El oficialismo estrenar\u00e1 su condici\u00f3n de primera minor\u00eda. Una nueva era se inicia este mi\u00e9rcoles en la C\u00e1mara de Diputados. [&hellip;]<\/p>\n","protected":false},"author":11,"featured_media":14799,"comment_status":"open","ping_status":"open","sticky":false,"template":"","format":"standard","meta":{"footnotes":""},"categories":[26],"tags":[],"class_list":{"0":"post-14798","1":"post","2":"type-post","3":"status-publish","4":"format-standard","5":"has-post-thumbnail","7":"category-nacionales"},"aioseo_notices":[],"_links":{"self":[{"href":"https:\/\/lalupa24.com.ar\/index.php\/wp-json\/wp\/v2\/posts\/14798","targetHints":{"allow":["GET"]}}],"collection":[{"href":"https:\/\/lalupa24.com.ar\/index.php\/wp-json\/wp\/v2\/posts"}],"about":[{"href":"https:\/\/lalupa24.com.ar\/index.php\/wp-json\/wp\/v2\/types\/post"}],"author":[{"embeddable":true,"href":"https:\/\/lalupa24.com.ar\/index.php\/wp-json\/wp\/v2\/users\/11"}],"replies":[{"embeddable":true,"href":"https:\/\/lalupa24.com.ar\/index.php\/wp-json\/wp\/v2\/comments?post=14798"}],"version-history":[{"count":1,"href":"https:\/\/lalupa24.com.ar\/index.php\/wp-json\/wp\/v2\/posts\/14798\/revisions"}],"predecessor-version":[{"id":14800,"href":"https:\/\/lalupa24.com.ar\/index.php\/wp-json\/wp\/v2\/posts\/14798\/revisions\/14800"}],"wp:featuredmedia":[{"embeddable":true,"href":"https:\/\/lalupa24.com.ar\/index.php\/wp-json\/wp\/v2\/media\/14799"}],"wp:attachment":[{"href":"https:\/\/lalupa24.com.ar\/index.php\/wp-json\/wp\/v2\/media?parent=14798"}],"wp:term":[{"taxonomy":"category","embeddable":true,"href":"https:\/\/lalupa24.com.ar\/index.php\/wp-json\/wp\/v2\/categories?post=14798"},{"taxonomy":"post_tag","embeddable":true,"href":"https:\/\/lalupa24.com.ar\/index.php\/wp-json\/wp\/v2\/tags?post=14798"}],"curies":[{"name":"wp","href":"https:\/\/api.w.org\/{rel}","templated":true}]}}