{"id":14801,"date":"2025-12-03T10:11:54","date_gmt":"2025-12-03T13:11:54","guid":{"rendered":"https:\/\/lalupa24.com.ar\/?p=14801"},"modified":"2025-12-03T10:11:54","modified_gmt":"2025-12-03T13:11:54","slug":"salario-minimo-el-gobierno-fijo-aumentos-escalonados-hasta-agosto-de-2026","status":"publish","type":"post","link":"https:\/\/lalupa24.com.ar\/index.php\/2025\/12\/03\/salario-minimo-el-gobierno-fijo-aumentos-escalonados-hasta-agosto-de-2026\/","title":{"rendered":"Salario m\u00ednimo: el Gobierno fij\u00f3 aumentos escalonados hasta agosto de 2026"},"content":{"rendered":"\n<p><\/p>\n\n\n\n<p>El Gobierno fij\u00f3 nuevos pisos salariales con aumentos escalonados desde noviembre de este a\u00f1o hasta agosto de 2026, junto con la prestaci\u00f3n por desempleo, mediante la Resoluci\u00f3n 9\/2025 publicada este mi\u00e9rcoles en el Bolet\u00edn Oficial.<\/p>\n\n\n\n<p>El sueldo m\u00ednimo alcanzar\u00e1 una suba del 16,8% en agosto del a\u00f1o que viene, cuando se complete el esquema de aumentos establecido por el Gobierno, seg\u00fan determin\u00f3 la normativa analizada por la Agencia Noticias Argentinas.<\/p>\n\n\n\n<p>La medida, dispuesta por la presidente alterna del Consejo Nacional del Empleo, la Productividad y el Salario M\u00ednimo, Vital y M\u00f3vil, Claudia Silvana Testa, se toma tras las negociaciones truncas entre los representantes sindicales y empleadores, que no lograron un consenso en la sesi\u00f3n plenaria realizada el 26 de noviembre.<\/p>\n\n\n\n<p>Al respecto, el texto oficial precis\u00f3 que en dicha oportunidad se detallaron las propuestas del sector representativo de los trabajadores y la propuesta del sector representativo de los empleadores, pero \u201cluego de un extenso intercambio de opiniones, no se logr\u00f3 alcanzar un acuerdo\u201d.<\/p>\n\n\n\n<p>De esta manera, el Ejecutivo defini\u00f3 nuevamente de manera unilateral la remuneraci\u00f3n m\u00ednima para todos los trabajadores comprendidos en el R\u00e9gimen de Contrato de Trabajo, en el R\u00e9gimen de Trabajo Agrario, de la Administraci\u00f3n P\u00fablica Nacional y de todas las entidades y organismos del Estado Nacional que act\u00fae como empleador.<\/p>\n\n\n\n<p>Hasta octubre el valor del salario m\u00ednimo era de $322.200 y con la actualizaci\u00f3n pasar\u00e1 en noviembre a $334.800, mientras que en el octavo mes del pr\u00f3ximo calendario llegar\u00e1 a $376.600, lo que implica que en 10 meses subir\u00e1 $54.400.<\/p>\n\n\n\n<p>Salario m\u00ednimo: los nuevos montos por mes y hora<\/p>\n\n\n\n<p>Noviembre 2025: $328.400 el mes y $1642 la hora.<\/p>\n\n\n\n<p>Diciembre 2025: $334.800 el mes y $1674 por hora.<\/p>\n\n\n\n<p>Enero 2026: $341.000 el mes y $1705 la hora<\/p>\n\n\n\n<p>Febrero 2026: $346.800 el mes y $1734 por hora.<\/p>\n\n\n\n<p>Marzo 2026: $352.400 el mes y $1762 la hora.<\/p>\n\n\n\n<p>Abril 2026: $357.800 el mes y $1789 la hora.<\/p>\n\n\n\n<p>Mayo 2026: $363.000 el mes y $1815 la hora.<\/p>\n\n\n\n<p>Junio 2026: $367.800 el mes y $1839 la hora.<\/p>\n\n\n\n<p>Julio 2026: $372.400 el mes y $1862 la hora.<\/p>\n\n\n\n<p>Agosto 2026: $376.600 el mes y $1883 la hora.<\/p>\n\n\n\n<p>El salario m\u00ednimo viene perdiendo contra la inflaci\u00f3n en lo que va de la gesti\u00f3n de Javier Milei. Entre noviembre de 2023 y octubre pasado, el sueldo m\u00ednimo real acumul\u00f3 una ca\u00edda del 35%, mientras que en lo que va del a\u00f1o la reducci\u00f3n alcanza el 7,7%, seg\u00fan calcula el Instituto Interdisciplinario de Econom\u00eda Pol\u00edtica (UBA-CONICET).<\/p>\n\n\n\n<p>Asimismo, la normativa estipul\u00f3 que la prestaci\u00f3n por desempleo \u201cser\u00e1 equivalente a un 75% del importe neto de la mejor remuneraci\u00f3n mensual, normal y habitual del trabajador en los seis meses anteriores al cese del contrato de trabajo que dio lugar a la situaci\u00f3n de desempleo\u201d.<\/p>\n\n\n\n<p>Adem\u00e1s, determin\u00f3 que \u201cen ning\u00fan caso la prestaci\u00f3n mensual podr\u00e1 ser inferior al 50% del Salario M\u00ednimo Vital y M\u00f3vil vigente, ni superior al 100% del Salario M\u00ednimo Vital y M\u00f3vil vigente\u201d.<\/p>\n","protected":false},"excerpt":{"rendered":"<p>El Gobierno fij\u00f3 nuevos pisos salariales con aumentos escalonados desde noviembre de este a\u00f1o hasta agosto de 2026, junto con la prestaci\u00f3n por desempleo, mediante la Resoluci\u00f3n 9\/2025 publicada este mi\u00e9rcoles en el Bolet\u00edn Oficial. El sueldo m\u00ednimo alcanzar\u00e1 una suba del 16,8% en agosto del a\u00f1o que viene, cuando se complete el esquema de [&hellip;]<\/p>\n","protected":false},"author":11,"featured_media":14802,"comment_status":"open","ping_status":"open","sticky":false,"template":"","format":"standard","meta":{"footnotes":""},"categories":[26],"tags":[],"class_list":{"0":"post-14801","1":"post","2":"type-post","3":"status-publish","4":"format-standard","5":"has-post-thumbnail","7":"category-nacionales"},"aioseo_notices":[],"_links":{"self":[{"href":"https:\/\/lalupa24.com.ar\/index.php\/wp-json\/wp\/v2\/posts\/14801","targetHints":{"allow":["GET"]}}],"collection":[{"href":"https:\/\/lalupa24.com.ar\/index.php\/wp-json\/wp\/v2\/posts"}],"about":[{"href":"https:\/\/lalupa24.com.ar\/index.php\/wp-json\/wp\/v2\/types\/post"}],"author":[{"embeddable":true,"href":"https:\/\/lalupa24.com.ar\/index.php\/wp-json\/wp\/v2\/users\/11"}],"replies":[{"embeddable":true,"href":"https:\/\/lalupa24.com.ar\/index.php\/wp-json\/wp\/v2\/comments?post=14801"}],"version-history":[{"count":1,"href":"https:\/\/lalupa24.com.ar\/index.php\/wp-json\/wp\/v2\/posts\/14801\/revisions"}],"predecessor-version":[{"id":14803,"href":"https:\/\/lalupa24.com.ar\/index.php\/wp-json\/wp\/v2\/posts\/14801\/revisions\/14803"}],"wp:featuredmedia":[{"embeddable":true,"href":"https:\/\/lalupa24.com.ar\/index.php\/wp-json\/wp\/v2\/media\/14802"}],"wp:attachment":[{"href":"https:\/\/lalupa24.com.ar\/index.php\/wp-json\/wp\/v2\/media?parent=14801"}],"wp:term":[{"taxonomy":"category","embeddable":true,"href":"https:\/\/lalupa24.com.ar\/index.php\/wp-json\/wp\/v2\/categories?post=14801"},{"taxonomy":"post_tag","embeddable":true,"href":"https:\/\/lalupa24.com.ar\/index.php\/wp-json\/wp\/v2\/tags?post=14801"}],"curies":[{"name":"wp","href":"https:\/\/api.w.org\/{rel}","templated":true}]}}