{"id":14817,"date":"2025-12-03T10:49:16","date_gmt":"2025-12-03T13:49:16","guid":{"rendered":"https:\/\/lalupa24.com.ar\/?p=14817"},"modified":"2025-12-03T10:49:16","modified_gmt":"2025-12-03T13:49:16","slug":"tras-conseguir-la-primera-minoria-en-diputados-santilli-cumplira-agenda-en-el-congreso","status":"publish","type":"post","link":"https:\/\/lalupa24.com.ar\/index.php\/2025\/12\/03\/tras-conseguir-la-primera-minoria-en-diputados-santilli-cumplira-agenda-en-el-congreso\/","title":{"rendered":"Tras conseguir la primera minor\u00eda en Diputados, Santilli cumplir\u00e1 agenda en el Congreso"},"content":{"rendered":"\n<p>El ministro del Interior escoltar\u00e1 al titular de la C\u00e1mara de Diputados, Mart\u00edn Menem, en una jornada que incluye la jura de nuevos diputados.<\/p>\n\n\n\n<p> Diego Santilli, tendr\u00e1 actividades en el Congreso Nacional, en una jornada marcada por la jura de los nuevos diputados electos el pasado 26 de octubre.<\/p>\n\n\n\n<p>El funcionario escoltar\u00e1 al titular de la C\u00e1mara de Diputados, Mart\u00edn Menem, en la presentaci\u00f3n de los nuevos bloques y en la ceremonia de asunci\u00f3n que tendr\u00e1 lugar en el recinto a las 13.<\/p>\n\n\n\n<p>\u201cEstar\u00e1 todo el d\u00eda abocado a eso con reuniones en el Congreso y ma\u00f1ana, a las 12, recibir\u00e1 a Jorge Macri en Casa Rosada\u201d, revelaron desde su entorno.<\/p>\n\n\n\n<p>El desembarco del representante del Ejecutivo en el Congreso se dio luego de que La Libertad Avanza superar a Uni\u00f3n por la Patria (UxP) en n\u00famero de diputados nacionales para que este mi\u00e9rcoles juren los 127 representantes electos en la sesi\u00f3n preparatoria. De esta forma, el oficialismo har\u00e1 gala de su nueva condici\u00f3n de primera minor\u00eda.<\/p>\n\n\n\n<p>Lo cierto es que el exlegislador del PRO trabaja en la b\u00fasqueda de consensos que le permitan al Gobierno conquistar los primeros triunfos legislativos de la segunda mitad de mandato. Para eso, se esperanzan con aprobar el Presupuesto 2026, la reforma laboral, del C\u00f3digo Penal y la tributaria, entre otros puntos.<\/p>\n\n\n\n<p>La tarea de Santilli, que cumplimenta en t\u00e1ndem con el jefe de Gabinete, Manuel Adorni, implica conquistar las voluntades necesarias en las provincias, por lo que se re\u00fane con gobernadores cada semana, y traducirlas en votos en el Congreso Nacional. Bajo esa idea, el pasado jueves se reunir\u00e1 con el jefe de Gobierno porte\u00f1o y el pr\u00f3ximo viernes con el pampeano Sergio Ziliotto.<\/p>\n","protected":false},"excerpt":{"rendered":"<p>El ministro del Interior escoltar\u00e1 al titular de la C\u00e1mara de Diputados, Mart\u00edn Menem, en una jornada que incluye la jura de nuevos diputados. Diego Santilli, tendr\u00e1 actividades en el Congreso Nacional, en una jornada marcada por la jura de los nuevos diputados electos el pasado 26 de octubre. El funcionario escoltar\u00e1 al titular de [&hellip;]<\/p>\n","protected":false},"author":11,"featured_media":14775,"comment_status":"open","ping_status":"open","sticky":false,"template":"","format":"standard","meta":{"footnotes":""},"categories":[26],"tags":[],"class_list":{"0":"post-14817","1":"post","2":"type-post","3":"status-publish","4":"format-standard","5":"has-post-thumbnail","7":"category-nacionales"},"aioseo_notices":[],"_links":{"self":[{"href":"https:\/\/lalupa24.com.ar\/index.php\/wp-json\/wp\/v2\/posts\/14817","targetHints":{"allow":["GET"]}}],"collection":[{"href":"https:\/\/lalupa24.com.ar\/index.php\/wp-json\/wp\/v2\/posts"}],"about":[{"href":"https:\/\/lalupa24.com.ar\/index.php\/wp-json\/wp\/v2\/types\/post"}],"author":[{"embeddable":true,"href":"https:\/\/lalupa24.com.ar\/index.php\/wp-json\/wp\/v2\/users\/11"}],"replies":[{"embeddable":true,"href":"https:\/\/lalupa24.com.ar\/index.php\/wp-json\/wp\/v2\/comments?post=14817"}],"version-history":[{"count":1,"href":"https:\/\/lalupa24.com.ar\/index.php\/wp-json\/wp\/v2\/posts\/14817\/revisions"}],"predecessor-version":[{"id":14820,"href":"https:\/\/lalupa24.com.ar\/index.php\/wp-json\/wp\/v2\/posts\/14817\/revisions\/14820"}],"wp:featuredmedia":[{"embeddable":true,"href":"https:\/\/lalupa24.com.ar\/index.php\/wp-json\/wp\/v2\/media\/14775"}],"wp:attachment":[{"href":"https:\/\/lalupa24.com.ar\/index.php\/wp-json\/wp\/v2\/media?parent=14817"}],"wp:term":[{"taxonomy":"category","embeddable":true,"href":"https:\/\/lalupa24.com.ar\/index.php\/wp-json\/wp\/v2\/categories?post=14817"},{"taxonomy":"post_tag","embeddable":true,"href":"https:\/\/lalupa24.com.ar\/index.php\/wp-json\/wp\/v2\/tags?post=14817"}],"curies":[{"name":"wp","href":"https:\/\/api.w.org\/{rel}","templated":true}]}}