{"id":14850,"date":"2025-11-29T18:28:25","date_gmt":"2025-11-29T21:28:25","guid":{"rendered":"https:\/\/lalupa24.com.ar\/?p=14850"},"modified":"2025-12-03T18:29:08","modified_gmt":"2025-12-03T21:29:08","slug":"el-gobernador-zdero-encabezo-el-138-aniversario-de-colonia-popular-y-destaco-el-crecimiento-de-la-comunidad","status":"publish","type":"post","link":"https:\/\/lalupa24.com.ar\/index.php\/2025\/11\/29\/el-gobernador-zdero-encabezo-el-138-aniversario-de-colonia-popular-y-destaco-el-crecimiento-de-la-comunidad\/","title":{"rendered":"EL GOBERNADOR ZDERO ENCABEZ\u00d3 EL 138\u00b0 ANIVERSARIO DE COLONIA POPULAR Y DESTAC\u00d3 EL CRECIMIENTO DE LA COMUNIDAD"},"content":{"rendered":"\n<h4 class=\"wp-block-heading\"><strong>El mandatario provincial, acompa\u00f1\u00f3 anoche a la comunidad de Colonia Popular y a su intendente, Mariela Soto, en este nuevo aniversario, en el cual&nbsp; valor\u00f3 el trabajo del municipio y los cambios visibles en la localidad. \u201cHoy se nota una gesti\u00f3n que le dio una impronta propia y embellece el perfil urbano sin perder la esencia. Se puede observar tranquilidad, hermandad y solidaridad en Colonia Popular; estos valores hay que defenderlos y sostenerlos\u201d, afirm\u00f3.<\/strong><br>Zdero repas\u00f3 adem\u00e1s obras y mejoras ejecutadas junto al municipio, como las intervenciones en el sistema de agua potable, la iluminaci\u00f3n del predio del acto, la instalaci\u00f3n del centro de monitoreo, la construcci\u00f3n de viviendas y la entrega de t\u00edtulos de propiedad.<br>\u201cEs nuestra obligaci\u00f3n moral seguir transformando esta provincia y hacer del Chaco un lugar digno de ser vivido. Tienen el compromiso de un gobierno y de un gobernador que los va a acompa\u00f1ar\u201d, concluy\u00f3.<br>Durante la ceremonia, la Fundaci\u00f3n Soy Chaco junto a su directora, Mar\u00eda Martina, entreg\u00f3 equipamientos destinados a fortalecer el trabajo comunitario. Adem\u00e1s, el Grupo de Adultos Mayores fue beneficiado con un equipo de sonido para acompa\u00f1ar sus actividades sociales y recreativas. En la misma jornada, familias de Colonia Popular recibieron sus t\u00edtulos de propiedad tras m\u00e1s de 30 a\u00f1os de espera.<\/h4>\n\n\n\n<p>\u201d<strong>Cuando hay decisi\u00f3n pol\u00edtica y trabajo serio, los resultados llegan\u201d<\/strong><br>La intendente Mariela Soto resalt\u00f3 el valor del aniversario y el reconocimiento a los pioneros de la comunidad. \u201cEste aniversario nos invita a reconocer el esfuerzo de quienes fundaron nuestra localidad y a mirar hacia adelante con la convicci\u00f3n de que las cosas importantes requieren tiempo, gesti\u00f3n y compromiso\u201d, expres\u00f3.<br>Agradeci\u00f3 al gobernador y al Ejecutivo provincial por el acompa\u00f1amiento constante: \u201cLos resultados est\u00e1n a la vista. Cuando hay decisi\u00f3n pol\u00edtica y trabajo serio, los resultados llegan\u201d.<br>Soto sostuvo que el apoyo de los vecinos es fundamental para seguir avanzando: \u201cMe llena de alegr\u00eda el reconocimiento de la comunidad. No es solo para m\u00ed, sino para todo el equipo. Nos propusimos mejorar y hacer las cosas de una manera distinta. Gracias a la confianza de mi pueblo, hoy Colonia Popular es el pueblo que siempre so\u00f1amos\u201d.<br>Acompa\u00f1aron el secretario de Asuntos Estrat\u00e9gicos, Marcos Resico; el subsecretario de Municipio, Marcelo Barrios; el presidente del Instituto Provincial de Desarrollo Urbano y de Vivienda (IPDUV), Fernando Berecoechea, la directora Ejecutiva de la Fundaci\u00f3n Soy Chaco, Mar\u00eda Martina, junto a dem\u00e1s autoridades provinciales y legislativas.<\/p>\n","protected":false},"excerpt":{"rendered":"<p>El mandatario provincial, acompa\u00f1\u00f3 anoche a la comunidad de Colonia Popular y a su intendente, Mariela Soto, en este nuevo aniversario, en el cual&nbsp; valor\u00f3 el trabajo del municipio y los cambios visibles en la localidad. \u201cHoy se nota una gesti\u00f3n que le dio una impronta propia y embellece el perfil urbano sin perder la [&hellip;]<\/p>\n","protected":false},"author":2,"featured_media":14851,"comment_status":"open","ping_status":"open","sticky":false,"template":"","format":"standard","meta":{"footnotes":""},"categories":[28],"tags":[],"class_list":{"0":"post-14850","1":"post","2":"type-post","3":"status-publish","4":"format-standard","5":"has-post-thumbnail","7":"category-locales"},"aioseo_notices":[],"_links":{"self":[{"href":"https:\/\/lalupa24.com.ar\/index.php\/wp-json\/wp\/v2\/posts\/14850","targetHints":{"allow":["GET"]}}],"collection":[{"href":"https:\/\/lalupa24.com.ar\/index.php\/wp-json\/wp\/v2\/posts"}],"about":[{"href":"https:\/\/lalupa24.com.ar\/index.php\/wp-json\/wp\/v2\/types\/post"}],"author":[{"embeddable":true,"href":"https:\/\/lalupa24.com.ar\/index.php\/wp-json\/wp\/v2\/users\/2"}],"replies":[{"embeddable":true,"href":"https:\/\/lalupa24.com.ar\/index.php\/wp-json\/wp\/v2\/comments?post=14850"}],"version-history":[{"count":1,"href":"https:\/\/lalupa24.com.ar\/index.php\/wp-json\/wp\/v2\/posts\/14850\/revisions"}],"predecessor-version":[{"id":14852,"href":"https:\/\/lalupa24.com.ar\/index.php\/wp-json\/wp\/v2\/posts\/14850\/revisions\/14852"}],"wp:featuredmedia":[{"embeddable":true,"href":"https:\/\/lalupa24.com.ar\/index.php\/wp-json\/wp\/v2\/media\/14851"}],"wp:attachment":[{"href":"https:\/\/lalupa24.com.ar\/index.php\/wp-json\/wp\/v2\/media?parent=14850"}],"wp:term":[{"taxonomy":"category","embeddable":true,"href":"https:\/\/lalupa24.com.ar\/index.php\/wp-json\/wp\/v2\/categories?post=14850"},{"taxonomy":"post_tag","embeddable":true,"href":"https:\/\/lalupa24.com.ar\/index.php\/wp-json\/wp\/v2\/tags?post=14850"}],"curies":[{"name":"wp","href":"https:\/\/api.w.org\/{rel}","templated":true}]}}