{"id":14862,"date":"2025-12-04T11:00:23","date_gmt":"2025-12-04T14:00:23","guid":{"rendered":"https:\/\/lalupa24.com.ar\/?p=14862"},"modified":"2025-12-04T11:00:25","modified_gmt":"2025-12-04T14:00:25","slug":"operativo-nachec-nueva-jornada-de-atencion-en-juan-j-castelli","status":"publish","type":"post","link":"https:\/\/lalupa24.com.ar\/index.php\/2025\/12\/04\/operativo-nachec-nueva-jornada-de-atencion-en-juan-j-castelli\/","title":{"rendered":"Operativo \u00f1achec, nueva jornada de atenci\u00f3n en Juan J. Castelli"},"content":{"rendered":"\n<h4 class=\"wp-block-heading\"><\/h4>\n\n\n\n<p>Durante la actividad, los equipos del programa estuvieron en los barrios, casa por casa, relevando necesidades y brindando soluciones a personas mayores, personas con discapacidad y familias que atraviesan problemas de salud u otras situaciones especiales.<\/p>\n\n\n\n<p>Vogel destac\u00f3 que el objetivo central del operativo es acercar el Estado a cada comunidad, garantizando una intervenci\u00f3n directa y sin intermediarios. \u201cSeguimos presentes en el territorio, escuchando a cada vecino y trabajando para ofrecer respuestas concretas\u201d, afirm\u00f3 el coordinador.<\/p>\n\n\n\n<p>Este operativo en Castelli se suma a las acciones que el Programa \u00d1achec viene desarrollando en distintos puntos de la provincia, con el objetivo de garantizar una presencia territorial activa, promover la detecci\u00f3n temprana de problem\u00e1ticas sociales y coordinar respuestas con otras \u00e1reas del Ministerio de Desarrollo Humano y organismos locales.<\/p>\n\n\n\n<p>Las actividades incluyen acompa\u00f1amiento social, asistencia en situaciones de vulnerabilidad, acceso a programas provinciales, derivaciones a servicios de salud, articulaci\u00f3n con instituciones educativas y relevamiento para la gesti\u00f3n de tr\u00e1mites o beneficios<\/p>\n","protected":false},"excerpt":{"rendered":"<p>Durante la actividad, los equipos del programa estuvieron en los barrios, casa por casa, relevando necesidades y brindando soluciones a personas mayores, personas con discapacidad y familias que atraviesan problemas de salud u otras situaciones especiales. Vogel destac\u00f3 que el objetivo central del operativo es acercar el Estado a cada comunidad, garantizando una intervenci\u00f3n directa [&hellip;]<\/p>\n","protected":false},"author":2,"featured_media":14863,"comment_status":"open","ping_status":"open","sticky":false,"template":"","format":"standard","meta":{"footnotes":""},"categories":[27],"tags":[],"class_list":{"0":"post-14862","1":"post","2":"type-post","3":"status-publish","4":"format-standard","5":"has-post-thumbnail","7":"category-interior"},"aioseo_notices":[],"_links":{"self":[{"href":"https:\/\/lalupa24.com.ar\/index.php\/wp-json\/wp\/v2\/posts\/14862","targetHints":{"allow":["GET"]}}],"collection":[{"href":"https:\/\/lalupa24.com.ar\/index.php\/wp-json\/wp\/v2\/posts"}],"about":[{"href":"https:\/\/lalupa24.com.ar\/index.php\/wp-json\/wp\/v2\/types\/post"}],"author":[{"embeddable":true,"href":"https:\/\/lalupa24.com.ar\/index.php\/wp-json\/wp\/v2\/users\/2"}],"replies":[{"embeddable":true,"href":"https:\/\/lalupa24.com.ar\/index.php\/wp-json\/wp\/v2\/comments?post=14862"}],"version-history":[{"count":1,"href":"https:\/\/lalupa24.com.ar\/index.php\/wp-json\/wp\/v2\/posts\/14862\/revisions"}],"predecessor-version":[{"id":14864,"href":"https:\/\/lalupa24.com.ar\/index.php\/wp-json\/wp\/v2\/posts\/14862\/revisions\/14864"}],"wp:featuredmedia":[{"embeddable":true,"href":"https:\/\/lalupa24.com.ar\/index.php\/wp-json\/wp\/v2\/media\/14863"}],"wp:attachment":[{"href":"https:\/\/lalupa24.com.ar\/index.php\/wp-json\/wp\/v2\/media?parent=14862"}],"wp:term":[{"taxonomy":"category","embeddable":true,"href":"https:\/\/lalupa24.com.ar\/index.php\/wp-json\/wp\/v2\/categories?post=14862"},{"taxonomy":"post_tag","embeddable":true,"href":"https:\/\/lalupa24.com.ar\/index.php\/wp-json\/wp\/v2\/tags?post=14862"}],"curies":[{"name":"wp","href":"https:\/\/api.w.org\/{rel}","templated":true}]}}