{"id":14893,"date":"2025-12-06T11:39:18","date_gmt":"2025-12-06T14:39:18","guid":{"rendered":"https:\/\/lalupa24.com.ar\/?p=14893"},"modified":"2025-12-06T11:39:19","modified_gmt":"2025-12-06T14:39:19","slug":"presidencia-roca-ya-tiene-su-primera-cancha-de-padel-en-el-marco-del-141-aniversario","status":"publish","type":"post","link":"https:\/\/lalupa24.com.ar\/index.php\/2025\/12\/06\/presidencia-roca-ya-tiene-su-primera-cancha-de-padel-en-el-marco-del-141-aniversario\/","title":{"rendered":"PRESIDENCIA ROCA YA TIENE SU PRIMERA CANCHA DE P\u00c1DEL EN EL MARCO DEL 141\u00b0 ANIVERSARIO"},"content":{"rendered":"\n<p><strong>El gobernador Leandro Zdero junto al intendente de Presidencia Roca, Gustavo Mart\u00ednez, al presidente del Instituto del Deporte, Fabio V\u00e1zquez, y al presidente de Loter\u00eda Chaque\u00f1a, Lucas Apud Mas\u00edn, inauguraron la primera cancha de P\u00e1del de Presidencia Roca, en el marco de los festejos por el 141\u00b0 aniversario de la localidad.<\/strong><\/p>\n\n\n\n<p>A trav\u00e9s de un convenio con Loter\u00eda Chaque\u00f1a, se ejecut\u00f3 un nuevo espacio deportivo destinado a toda la comunidad, fomentando el deporte, la salud y la integraci\u00f3n.<br>Con esta obra, el Gobierno Provincial contin\u00faa impulsando la pr\u00e1ctica deportiva, el uso saludable del espacio p\u00fablico y la integraci\u00f3n social entre j\u00f3venes y familias.<br>Lucas Apud Mas\u00edn, el presidente de Loter\u00eda Chaque\u00f1a, explic\u00f3 que la construcci\u00f3n se concret\u00f3 mediante un convenio, con el objetivo de fortalecer la infraestructura deportiva en las localidades. \u201cEstamos contentos de poder llevar adelante esta obra\u201d, expres\u00f3, celebrando la inauguraci\u00f3n de esta primera cancha \u201cdestinada a que la ocupe la comunidad, porque es un espacio de puertas abiertas al p\u00fablico\u201d. Destac\u00f3 adem\u00e1s el crecimiento del P\u00e1del en toda la provincia.<\/p>\n\n\n\n<p><strong>Caracter\u00edsticas de la obra<\/strong><br>La cancha cuenta con c\u00e9sped sint\u00e9tico M12\/43 sobre hormig\u00f3n poroso, vidrio templado de 12 mm, paneles de malla electrosoldada, red homologada y perfiles met\u00e1licos de refuerzo, garantizando seguridad, visibilidad y \u00f3ptimas condiciones de juego.<br>La iluminaci\u00f3n LED de alto rendimiento, junto con el tendido el\u00e9ctrico subterr\u00e1neo, permite el desarrollo de actividades deportivas en horario nocturno.<br>Apud Mas\u00edn remarc\u00f3 que, desde el inicio de la gesti\u00f3n, se realizaron diagn\u00f3sticos en cada localidad para identificar sus necesidades.<br>\u201cEs un lineamiento del gobernador fomentar pol\u00edticas p\u00fablicas vinculadas al deporte y dar respuestas a las demandas, porque esto tiene que ver con principios como el trabajo en equipo, respeto y solidaridad\u201d, sostuvo.<br>Y a\u00f1adi\u00f3: \u201cDar respuestas desde Loter\u00eda con estas obras es muy importante para nosotros\u201d.<\/p>\n\n\n\n<p><strong>\u201dUn sue\u00f1o cumplido para todos los roque\u00f1os\u201d<\/strong><br>Por su parte, el presidente del Instituto del Deporte, Fabio V\u00e1zquez, destac\u00f3 el acompa\u00f1amiento del Gobernador Zdero, de Loter\u00eda Chaque\u00f1a para concretar esta obra.<br>\u201cEstamos cumpliendo un sue\u00f1o para todos los roque\u00f1os\u201d, afirm\u00f3.<br>Se\u00f1al\u00f3 que este nuevo espacio ser\u00e1 \u201cun lugar de contenci\u00f3n para los j\u00f3venes, que pasan su tiempo ac\u00e1 haciendo deporte y no haciendo otras cosas que no sirven para el crecimiento del pueblo\u201d.<br>Finalmente, expres\u00f3 su satisfacci\u00f3n por el aporte realizado: \u201cEstoy feliz de que desde el Instituto podamos estar colaborando para que esto hoy sea una realidad\u201d.<\/p>\n","protected":false},"excerpt":{"rendered":"<p>El gobernador Leandro Zdero junto al intendente de Presidencia Roca, Gustavo Mart\u00ednez, al presidente del Instituto del Deporte, Fabio V\u00e1zquez, y al presidente de Loter\u00eda Chaque\u00f1a, Lucas Apud Mas\u00edn, inauguraron la primera cancha de P\u00e1del de Presidencia Roca, en el marco de los festejos por el 141\u00b0 aniversario de la localidad. A trav\u00e9s de un [&hellip;]<\/p>\n","protected":false},"author":2,"featured_media":14894,"comment_status":"open","ping_status":"open","sticky":false,"template":"","format":"standard","meta":{"footnotes":""},"categories":[28],"tags":[],"class_list":{"0":"post-14893","1":"post","2":"type-post","3":"status-publish","4":"format-standard","5":"has-post-thumbnail","7":"category-locales"},"aioseo_notices":[],"_links":{"self":[{"href":"https:\/\/lalupa24.com.ar\/index.php\/wp-json\/wp\/v2\/posts\/14893","targetHints":{"allow":["GET"]}}],"collection":[{"href":"https:\/\/lalupa24.com.ar\/index.php\/wp-json\/wp\/v2\/posts"}],"about":[{"href":"https:\/\/lalupa24.com.ar\/index.php\/wp-json\/wp\/v2\/types\/post"}],"author":[{"embeddable":true,"href":"https:\/\/lalupa24.com.ar\/index.php\/wp-json\/wp\/v2\/users\/2"}],"replies":[{"embeddable":true,"href":"https:\/\/lalupa24.com.ar\/index.php\/wp-json\/wp\/v2\/comments?post=14893"}],"version-history":[{"count":1,"href":"https:\/\/lalupa24.com.ar\/index.php\/wp-json\/wp\/v2\/posts\/14893\/revisions"}],"predecessor-version":[{"id":14895,"href":"https:\/\/lalupa24.com.ar\/index.php\/wp-json\/wp\/v2\/posts\/14893\/revisions\/14895"}],"wp:featuredmedia":[{"embeddable":true,"href":"https:\/\/lalupa24.com.ar\/index.php\/wp-json\/wp\/v2\/media\/14894"}],"wp:attachment":[{"href":"https:\/\/lalupa24.com.ar\/index.php\/wp-json\/wp\/v2\/media?parent=14893"}],"wp:term":[{"taxonomy":"category","embeddable":true,"href":"https:\/\/lalupa24.com.ar\/index.php\/wp-json\/wp\/v2\/categories?post=14893"},{"taxonomy":"post_tag","embeddable":true,"href":"https:\/\/lalupa24.com.ar\/index.php\/wp-json\/wp\/v2\/tags?post=14893"}],"curies":[{"name":"wp","href":"https:\/\/api.w.org\/{rel}","templated":true}]}}