{"id":14899,"date":"2025-12-07T21:24:22","date_gmt":"2025-12-08T00:24:22","guid":{"rendered":"https:\/\/lalupa24.com.ar\/?p=14899"},"modified":"2025-12-07T21:24:23","modified_gmt":"2025-12-08T00:24:23","slug":"dia-historico-para-el-departamento-brown-se-inauguro-el-moderno-frigorifico-municipal-de-pampa-del-infierno","status":"publish","type":"post","link":"https:\/\/lalupa24.com.ar\/index.php\/2025\/12\/07\/dia-historico-para-el-departamento-brown-se-inauguro-el-moderno-frigorifico-municipal-de-pampa-del-infierno\/","title":{"rendered":"D\u00eda hist\u00f3rico para el departamento Brown se inaugur\u00f3 el moderno frigor\u00edfico municipal de Pampa del Infierno"},"content":{"rendered":"\n<p>Durante el acto, el gobernador Leandro Zdero destac\u00f3 que la inauguraci\u00f3n del moderno frigor\u00edfico \u201cllega despu\u00e9s de a\u00f1os de espera\u201d y es una respuesta concreta a un reclamo hist\u00f3rico del sector.<\/p>\n\n\n\n<p>\u201cHoy, con fondos propios de la Provincia y la coordinaci\u00f3n del municipio, junto a Glenda Seifert, podemos decir que esto es una realidad\u201d, afirm\u00f3. Tambi\u00e9n confirm\u00f3 que el frigor\u00edfico comenzar\u00e1 a operar para toda la regi\u00f3n con est\u00e1ndares de calidad y controles sanitarios: \u201cQueremos que llegue a los chaque\u00f1os y a los argentinos, con calidad y con todos los controles bromatol\u00f3gicos, como debe ser\u201d.<br>El gobernador Zdero subray\u00f3 adem\u00e1s la magnitud t\u00e9cnica de las instalaciones y el esfuerzo provincial para terminar una obra que hab\u00eda quedado pendiente: \u201cEs un frigor\u00edfico de caracter\u00edsticas importantes en materia de controles, c\u00e1maras y equipamiento. Era una obra que qued\u00f3 pendiente de gestiones anteriores y por suerte hoy hemos podido darle respuesta\u201d.<\/p>\n\n\n\n<p>Seifert: \u201cEste nuevo frigor\u00edfico es un sue\u00f1o cumplido\u201d<br>La intendente Glenda Seifert, de Pampa del Infierno, celebr\u00f3 la concreci\u00f3n de una obra largamente esperada por productores, trabajadores y vecinos. \u201cAgradezco enormemente el esfuerzo del Gobierno provincial para terminar una infraestructura tan necesaria para nosotros y la regi\u00f3n\u201d, expres\u00f3.<br>Resalt\u00f3 tambi\u00e9n el impacto que tendr\u00e1 en el funcionamiento diario del municipio: \u201cEs un sue\u00f1o cumplido. Pasaron muchas gestiones prometiendo, pero gracias al acompa\u00f1amiento del gobernador Zdero hemos podido concretarlo\u201d.<\/p>\n\n\n\n<p>Dudik: \u201cUn paso clave para resolver problemas hist\u00f3ricos\u201d<br>El ministro de la Producci\u00f3n, Oscar Dudik, destac\u00f3 la importancia estrat\u00e9gica de la obra para una de las zonas de mayor crecimiento productivo del Chaco. \u201cEl noroeste de la provincia tiene un desarrollo exponencial tanto agr\u00edcola como ganadero, y este frigor\u00edfico cumple un rol central para resolver problemas hist\u00f3ricos y evitar sobrecostos a los productores\u201d, se\u00f1al\u00f3.<br>Adem\u00e1s, adelant\u00f3 que se trabajar\u00e1 en un esquema asociativo para acompa\u00f1ar futuras inversiones y ampliar la capacidad operativa del establecimiento.<\/p>\n\n\n\n<p><strong>Cordero: \u201cVamos a poder trabajar con m\u00e1s control y de una manera m\u00e1s completa\u201d<\/strong><br>Alejandro Cordero, encargado del frigor\u00edfico bovino municipal, expres\u00f3 su satisfacci\u00f3n por la mejora operativa que permitir\u00e1 ampliar el servicio. \u201cEstamos contentos porque vamos a poder trabajar con m\u00e1s control y de manera m\u00e1s completa. Se va a poder faenar para pueblos vecinos y eso significa mucho para productores y carniceros\u201d, indic\u00f3.<br>Tambi\u00e9n agradeci\u00f3 el acompa\u00f1amiento del Gobierno provincial y municipal para lograr la puesta en marcha del nuevo edificio.<\/p>\n\n\n\n<p>Una obra integral con financiamiento provincial<br>La primera etapa incluy\u00f3 la construcci\u00f3n del edificio principal \u2014financiado \u00edntegramente con fondos provinciales\u2014 con unos 350 metros cuadrados cubiertos que albergan \u00e1reas de embarcadero, noqueo, insensibilizaci\u00f3n, zonas de faena diferenciadas, c\u00e1mara frigor\u00edfica con paneles t\u00e9rmicos, sanitarios y sectores operativos destinados al personal.<br>Adem\u00e1s, se ejecutaron corrales con cerca de 250 metros cuadrados de superficie cubierta y capacidad para 80 cabezas de ganado vacuno, junto con una torre tanque met\u00e1lica con un reservorio de 15.000 litros.<br>La segunda etapa incorpor\u00f3 obras complementarias como oficinas administrativas de 60 metros cuadrados, una caldera horizontal a le\u00f1a con carga autom\u00e1tica y un tanque intermedio de 1.000 litros, un nuevo embarcadero met\u00e1lico, equipo de fr\u00edo para la c\u00e1mara frigor\u00edfica y la ampliaci\u00f3n de la pileta. Tambi\u00e9n se realiz\u00f3 el cerco perimetral, un decantador general y una c\u00e1mara interceptora de s\u00f3lidos<\/p>\n","protected":false},"excerpt":{"rendered":"<p>Durante el acto, el gobernador Leandro Zdero destac\u00f3 que la inauguraci\u00f3n del moderno frigor\u00edfico \u201cllega despu\u00e9s de a\u00f1os de espera\u201d y es una respuesta concreta a un reclamo hist\u00f3rico del sector. \u201cHoy, con fondos propios de la Provincia y la coordinaci\u00f3n del municipio, junto a Glenda Seifert, podemos decir que esto es una realidad\u201d, afirm\u00f3. [&hellip;]<\/p>\n","protected":false},"author":11,"featured_media":14900,"comment_status":"open","ping_status":"open","sticky":false,"template":"","format":"standard","meta":{"footnotes":""},"categories":[28],"tags":[],"class_list":{"0":"post-14899","1":"post","2":"type-post","3":"status-publish","4":"format-standard","5":"has-post-thumbnail","7":"category-locales"},"aioseo_notices":[],"_links":{"self":[{"href":"https:\/\/lalupa24.com.ar\/index.php\/wp-json\/wp\/v2\/posts\/14899","targetHints":{"allow":["GET"]}}],"collection":[{"href":"https:\/\/lalupa24.com.ar\/index.php\/wp-json\/wp\/v2\/posts"}],"about":[{"href":"https:\/\/lalupa24.com.ar\/index.php\/wp-json\/wp\/v2\/types\/post"}],"author":[{"embeddable":true,"href":"https:\/\/lalupa24.com.ar\/index.php\/wp-json\/wp\/v2\/users\/11"}],"replies":[{"embeddable":true,"href":"https:\/\/lalupa24.com.ar\/index.php\/wp-json\/wp\/v2\/comments?post=14899"}],"version-history":[{"count":1,"href":"https:\/\/lalupa24.com.ar\/index.php\/wp-json\/wp\/v2\/posts\/14899\/revisions"}],"predecessor-version":[{"id":14901,"href":"https:\/\/lalupa24.com.ar\/index.php\/wp-json\/wp\/v2\/posts\/14899\/revisions\/14901"}],"wp:featuredmedia":[{"embeddable":true,"href":"https:\/\/lalupa24.com.ar\/index.php\/wp-json\/wp\/v2\/media\/14900"}],"wp:attachment":[{"href":"https:\/\/lalupa24.com.ar\/index.php\/wp-json\/wp\/v2\/media?parent=14899"}],"wp:term":[{"taxonomy":"category","embeddable":true,"href":"https:\/\/lalupa24.com.ar\/index.php\/wp-json\/wp\/v2\/categories?post=14899"},{"taxonomy":"post_tag","embeddable":true,"href":"https:\/\/lalupa24.com.ar\/index.php\/wp-json\/wp\/v2\/tags?post=14899"}],"curies":[{"name":"wp","href":"https:\/\/api.w.org\/{rel}","templated":true}]}}