{"id":14904,"date":"2025-12-07T21:27:51","date_gmt":"2025-12-08T00:27:51","guid":{"rendered":"https:\/\/lalupa24.com.ar\/?p=14904"},"modified":"2025-12-07T21:27:52","modified_gmt":"2025-12-08T00:27:52","slug":"zdero-inauguro-la-nueva-sede-de-la-cooperativa-gualamba-y-formalizo-la-cesion-de-lineas-de-secheep","status":"publish","type":"post","link":"https:\/\/lalupa24.com.ar\/index.php\/2025\/12\/07\/zdero-inauguro-la-nueva-sede-de-la-cooperativa-gualamba-y-formalizo-la-cesion-de-lineas-de-secheep\/","title":{"rendered":"Zdero inaugur\u00f3 la nueva sede de la cooperativa Gualamba y formaliz\u00f3 la cesi\u00f3n de l\u00edneas de Secheep"},"content":{"rendered":"\n<p><strong>Este domingo por la tarde, el gobernador Leandro Zdero encabez\u00f3 la inauguraci\u00f3n de la flamante sede y firma de cesi\u00f3n de l\u00edneas de Secheep a la Cooperativa Gualamba Limitada. \u201cHoy estamos cumpliendo el sue\u00f1o de Gualamba, inaugurando su sede, con dos camionetas nuevas y un stock de materiales, en un servicio para los productores y usuarios de la zona. Vamos a estar para acompa\u00f1ar y trabajar juntos\u201d, afirm\u00f3 el jefe del Ejecutivo provincial.<\/strong><\/p>\n\n\n\n<p>Durante la inauguraci\u00f3n, el gobernador destac\u00f3 la importancia de retomar el impulso cooperativo en la provincia y la trascendencia del proyecto para las zonas rurales. \u201cLa Cooperativa Gualamba va a atender a la regi\u00f3n de R\u00edo Muerto, Los Frentones, Concepci\u00f3n del Bermejo y Pampa del Infierno\u201d, indic\u00f3.<br>\u201cEra una demanda de la gente y de los productores desde que asumimos. Empezamos a trabajar junto a la Subsecretar\u00eda de Energ\u00eda, Secheep y un grupo de productores que decidieron unirse. All\u00ed comenzamos a hacer los tendidos para brindar energ\u00eda a esta zona\u201d, record\u00f3.<\/p>\n\n\n\n<p><strong>DUDIK: \u201cLA CREACI\u00d3N DE ESTA COOPERATIVA ES UN HECHO HIST\u00d3RICO PARA EL CHACO\u201d<\/strong><br>El ministro de Producci\u00f3n y Desarrollo Sostenible, Oscar Dudik, subray\u00f3 el valor institucional de la nueva cooperativa.<br>\u201cEs un acontecimiento hist\u00f3rico para el Chaco: hac\u00eda dos d\u00e9cadas que no se conformaba una entidad vinculada directamente a la prestaci\u00f3n del servicio el\u00e9ctrico rural\u201d, expres\u00f3.<br>Tambi\u00e9n destac\u00f3 la compra de las dos camionetas 0 km: \u201cSi hay energ\u00eda, la familia va a seguir en el campo\u201d, remarc\u00f3.<\/p>\n\n\n\n<p><strong>LARDONE: \u201cEL GOBERNADOR ZDERO CUMPLI\u00d3 CON SU PALABRA\u201d<\/strong><br>El presidente de la Cooperativa Gualamba, Fabi\u00e1n Lardone, valor\u00f3 el acompa\u00f1amiento del Gobierno provincial.<br>\u201cEste fue un desaf\u00edo desde el d\u00eda que asumi\u00f3 el gobernador Leandro Zdero, que hoy se concreta cumpliendo con su palabra\u201d, sostuvo.<br>Lardone valor\u00f3 el impacto que tendr\u00e1 el servicio:<br>\u201cMuchas familias del campo dependen de un suministro estable. La nueva sede y el equipamiento permitir\u00e1n fortalecer el trabajo de todos los productores\u201d, afirm\u00f3.<br>Acompa\u00f1aron al mandatario el subsecretario de Energ\u00eda, Joaqu\u00edn Sabadini; el ministro de la Producci\u00f3n y el Desarrollo Sostenible, Oscar Dudik; el subsecretario de Municipio Marcelo Barrios y el presidente de la Cooperativa Gualamba, Fabi\u00e1n Lardone.<br>Este servicio de la Cooperativa Gualamba permitir\u00e1 brindar un servicio adaptado a las necesidades del territorio y acompa\u00f1ar el desarrollo productivo regional<\/p>\n","protected":false},"excerpt":{"rendered":"<p>Este domingo por la tarde, el gobernador Leandro Zdero encabez\u00f3 la inauguraci\u00f3n de la flamante sede y firma de cesi\u00f3n de l\u00edneas de Secheep a la Cooperativa Gualamba Limitada. \u201cHoy estamos cumpliendo el sue\u00f1o de Gualamba, inaugurando su sede, con dos camionetas nuevas y un stock de materiales, en un servicio para los productores y [&hellip;]<\/p>\n","protected":false},"author":2,"featured_media":14905,"comment_status":"open","ping_status":"open","sticky":false,"template":"","format":"standard","meta":{"footnotes":""},"categories":[27],"tags":[],"class_list":{"0":"post-14904","1":"post","2":"type-post","3":"status-publish","4":"format-standard","5":"has-post-thumbnail","7":"category-interior"},"aioseo_notices":[],"_links":{"self":[{"href":"https:\/\/lalupa24.com.ar\/index.php\/wp-json\/wp\/v2\/posts\/14904","targetHints":{"allow":["GET"]}}],"collection":[{"href":"https:\/\/lalupa24.com.ar\/index.php\/wp-json\/wp\/v2\/posts"}],"about":[{"href":"https:\/\/lalupa24.com.ar\/index.php\/wp-json\/wp\/v2\/types\/post"}],"author":[{"embeddable":true,"href":"https:\/\/lalupa24.com.ar\/index.php\/wp-json\/wp\/v2\/users\/2"}],"replies":[{"embeddable":true,"href":"https:\/\/lalupa24.com.ar\/index.php\/wp-json\/wp\/v2\/comments?post=14904"}],"version-history":[{"count":1,"href":"https:\/\/lalupa24.com.ar\/index.php\/wp-json\/wp\/v2\/posts\/14904\/revisions"}],"predecessor-version":[{"id":14906,"href":"https:\/\/lalupa24.com.ar\/index.php\/wp-json\/wp\/v2\/posts\/14904\/revisions\/14906"}],"wp:featuredmedia":[{"embeddable":true,"href":"https:\/\/lalupa24.com.ar\/index.php\/wp-json\/wp\/v2\/media\/14905"}],"wp:attachment":[{"href":"https:\/\/lalupa24.com.ar\/index.php\/wp-json\/wp\/v2\/media?parent=14904"}],"wp:term":[{"taxonomy":"category","embeddable":true,"href":"https:\/\/lalupa24.com.ar\/index.php\/wp-json\/wp\/v2\/categories?post=14904"},{"taxonomy":"post_tag","embeddable":true,"href":"https:\/\/lalupa24.com.ar\/index.php\/wp-json\/wp\/v2\/tags?post=14904"}],"curies":[{"name":"wp","href":"https:\/\/api.w.org\/{rel}","templated":true}]}}