{"id":15014,"date":"2025-12-08T11:03:50","date_gmt":"2025-12-08T14:03:50","guid":{"rendered":"https:\/\/lalupa24.com.ar\/?p=15014"},"modified":"2025-12-10T11:07:35","modified_gmt":"2025-12-10T14:07:35","slug":"educacion-intercultural-mas-de-1630-docentes-se-capacitaron-en-alfabetizacion-en-lengua-wichi","status":"publish","type":"post","link":"https:\/\/lalupa24.com.ar\/index.php\/2025\/12\/08\/educacion-intercultural-mas-de-1630-docentes-se-capacitaron-en-alfabetizacion-en-lengua-wichi\/","title":{"rendered":"Educaci\u00f3n intercultural, m\u00e1s de 130 docentes se capacitaron en alfabetizaci\u00f3n en lengua wich\u00ed"},"content":{"rendered":"\n<h4 class=\"wp-block-heading\"><\/h4>\n\n\n\n<p>La jornada se desarroll\u00f3 en modalidad presencial y virtual desde la Escuela de Educaci\u00f3n Primaria N\u00b0 1082 \u201cSoldado de Malvinas Claudio Kolbenehuyer\u201d, en Misi\u00f3n Nueva Pompeya, el pasado viernes.&nbsp;<br>La apertura del encuentro estuvo encabezada por la subsecretaria Vilma Coria, quien adem\u00e1s disert\u00f3 sobre alfabetizaci\u00f3n en dos lenguas, junto a la referente provincial de Alfabetizaci\u00f3n, Alba Granada. Tambi\u00e9n se presentaron contenidos tecnol\u00f3gicos en wich\u00ed, a cargo de Joaqu\u00edn Ballena, y experiencias de docentes interculturales biling\u00fces vinculadas al trabajo en aulas iniciales y primarias, con un enfoque centrado en materiales did\u00e1cticos propios de la comunidad.<\/p>\n\n\n\n<p>En este marco, la subsecretaria Coria se\u00f1al\u00f3 que el objetivo para 2026 es comenzar a &#8220;alfabetizar totalmente en lengua y en lengua castellana&#8221;, para lo cual destac\u00f3 que cumplir\u00e1n un rol fundamental los nuevos materiales pedag\u00f3gicos en lenguas originarias que elabor\u00f3 la cartera educativa provincial mediante el trabajo de maestros EBI. Asimismo, agradeci\u00f3 en nombre del Ministerio de Educaci\u00f3n al intendente de Misi\u00f3n Nueva Pompeya, Vicente Gonz\u00e1lez, as\u00ed como tambi\u00e9n al referente del programa \u00d1achec en la localidad, Javier Torres, por el acompa\u00f1amiento para hacer posible esta capacitaci\u00f3n.&nbsp; &nbsp;<\/p>\n\n\n\n<p>Como cierre, se realiz\u00f3 la entrega de menciones a los primeros Auxiliares Docentes Abor\u00edgenes (ADA), en reconocimiento a su labor diaria en las escuelas del territorio. El encuentro marc\u00f3 un paso significativo en la consolidaci\u00f3n de pol\u00edticas educativas interculturales que fortalecen la ense\u00f1anza en lengua wich\u00ed y el acompa\u00f1amiento a los equipos pedag\u00f3gicos de la regi\u00f3n.<br>Estuvieron presentes tambi\u00e9n el director de la Regional Educativa 1, con sede en Misi\u00f3n Nueva Pompeya, Walter Cardozo, y supervisores<\/p>\n","protected":false},"excerpt":{"rendered":"<p>La jornada se desarroll\u00f3 en modalidad presencial y virtual desde la Escuela de Educaci\u00f3n Primaria N\u00b0 1082 \u201cSoldado de Malvinas Claudio Kolbenehuyer\u201d, en Misi\u00f3n Nueva Pompeya, el pasado viernes.&nbsp;La apertura del encuentro estuvo encabezada por la subsecretaria Vilma Coria, quien adem\u00e1s disert\u00f3 sobre alfabetizaci\u00f3n en dos lenguas, junto a la referente provincial de Alfabetizaci\u00f3n, Alba [&hellip;]<\/p>\n","protected":false},"author":2,"featured_media":15015,"comment_status":"open","ping_status":"open","sticky":false,"template":"","format":"standard","meta":{"footnotes":""},"categories":[28],"tags":[],"class_list":{"0":"post-15014","1":"post","2":"type-post","3":"status-publish","4":"format-standard","5":"has-post-thumbnail","7":"category-locales"},"aioseo_notices":[],"_links":{"self":[{"href":"https:\/\/lalupa24.com.ar\/index.php\/wp-json\/wp\/v2\/posts\/15014","targetHints":{"allow":["GET"]}}],"collection":[{"href":"https:\/\/lalupa24.com.ar\/index.php\/wp-json\/wp\/v2\/posts"}],"about":[{"href":"https:\/\/lalupa24.com.ar\/index.php\/wp-json\/wp\/v2\/types\/post"}],"author":[{"embeddable":true,"href":"https:\/\/lalupa24.com.ar\/index.php\/wp-json\/wp\/v2\/users\/2"}],"replies":[{"embeddable":true,"href":"https:\/\/lalupa24.com.ar\/index.php\/wp-json\/wp\/v2\/comments?post=15014"}],"version-history":[{"count":2,"href":"https:\/\/lalupa24.com.ar\/index.php\/wp-json\/wp\/v2\/posts\/15014\/revisions"}],"predecessor-version":[{"id":15017,"href":"https:\/\/lalupa24.com.ar\/index.php\/wp-json\/wp\/v2\/posts\/15014\/revisions\/15017"}],"wp:featuredmedia":[{"embeddable":true,"href":"https:\/\/lalupa24.com.ar\/index.php\/wp-json\/wp\/v2\/media\/15015"}],"wp:attachment":[{"href":"https:\/\/lalupa24.com.ar\/index.php\/wp-json\/wp\/v2\/media?parent=15014"}],"wp:term":[{"taxonomy":"category","embeddable":true,"href":"https:\/\/lalupa24.com.ar\/index.php\/wp-json\/wp\/v2\/categories?post=15014"},{"taxonomy":"post_tag","embeddable":true,"href":"https:\/\/lalupa24.com.ar\/index.php\/wp-json\/wp\/v2\/tags?post=15014"}],"curies":[{"name":"wp","href":"https:\/\/api.w.org\/{rel}","templated":true}]}}