{"id":15018,"date":"2025-12-08T11:08:20","date_gmt":"2025-12-08T14:08:20","guid":{"rendered":"https:\/\/lalupa24.com.ar\/?p=15018"},"modified":"2025-12-10T11:11:16","modified_gmt":"2025-12-10T14:11:16","slug":"zdero-remarco-el-crecimiento-y-la-fuerza-de-pampa-del-infierno-en-el-98-aniversario","status":"publish","type":"post","link":"https:\/\/lalupa24.com.ar\/index.php\/2025\/12\/08\/zdero-remarco-el-crecimiento-y-la-fuerza-de-pampa-del-infierno-en-el-98-aniversario\/","title":{"rendered":"Zdero remarc\u00f3 el crecimiento y la fuerza de pampa del infierno en el 98\u00b0 Aniversario"},"content":{"rendered":"\n<p>El gobernador Leandro Zdero acompa\u00f1\u00f3 anoche el acto por el 98\u00b0 aniversario de Pampa del Infierno. Durante la ceremonia, tambi\u00e9n la Fundaci\u00f3n Soy Chaco entreg\u00f3 ayudas t\u00e9cnicas a vecinos e instituciones de la localidad; mientras que el Instituto Provincial de Desarrollo Urbano y de Vivienda (IPDUV) otorg\u00f3 t\u00edtulos de propiedad a familias que aguardaron durante muchos a\u00f1os la regularizaci\u00f3n de sus terrenos. Adem\u00e1s, se firm\u00f3 un convenio entre el Ministerio de Seguridad y la Municipalidad para la creaci\u00f3n de la Zona Interior Pampa del Infierno, que permitir\u00e1 reforzar la presencia policial en la regi\u00f3n.<\/p>\n\n\n\n<p>En su discurso, el gobernador Leandro Zdero destac\u00f3 el trabajo conjunto con el municipio y el crecimiento sostenido de la localidad. \u201cSon 98 a\u00f1os de vida, de esfuerzos y de logros. Desde el d\u00eda que iniciamos la gesti\u00f3n en 2023 nos propusimos trabajar codo a codo con Pampa del Infierno y hoy la localidad se transform\u00f3 en un faro de referencia para la regi\u00f3n\u201d, afirm\u00f3.<\/p>\n\n\n\n<p>El mandatario subray\u00f3 adem\u00e1s, la reciente inauguraci\u00f3n del frigor\u00edfico municipal, obra que permitir\u00e1 ampliar la faena bovina y porcina con controles de calidad y m\u00e1s mano de obra local. \u201cEs un beneficio no solo para los trabajadores, sino tambi\u00e9n para carniceros y familias que podr\u00e1n acceder a productos con controles bromatol\u00f3gicos adecuados\u201d, se\u00f1al\u00f3.<\/p>\n\n\n\n<p>Tambi\u00e9n remarc\u00f3 la entrega de t\u00edtulos de propiedad como una respuesta concreta a una demanda hist\u00f3rica del interior provincial. \u201cMuchas familias vivieron a\u00f1os con miedo a perder lo que hab\u00edan trabajado. Hoy quienes se esfuerzan d\u00eda a d\u00eda tienen su propiedad, que tanto les corresponde\u201d, remarc\u00f3.<br>Para finalizar, el gobernador Zdero envi\u00f3 un mensaje de cara al futuro: \u201cEstoy seguro de que estamos construyendo ese Chaco que queremos, con una nueva matriz y un cambio cultural que muchas veces cuesta, pero es el camino correcto. A los pampe\u00f1os quiero desearles prosperidad, felicidad y un futuro lleno de oportunidades\u201d.<\/p>\n\n\n\n<p>\u201dSEGUIREMOS CONSTRUYENDO UN FUTURO PR\u00d3SPERO PARA PAMPA DEL INFIERNO\u201d<br>La intendente Glenda Seifert expres\u00f3 su satisfacci\u00f3n por los avances alcanzados y llam\u00f3 a profundizar el trabajo conjunto. \u201cEstoy emocionada por los resultados de nuestra gesti\u00f3n y porque debemos seguir construyendo juntos un futuro pr\u00f3spero y lleno de bienestar\u201d, afirm\u00f3<\/p>\n","protected":false},"excerpt":{"rendered":"<p>El gobernador Leandro Zdero acompa\u00f1\u00f3 anoche el acto por el 98\u00b0 aniversario de Pampa del Infierno. Durante la ceremonia, tambi\u00e9n la Fundaci\u00f3n Soy Chaco entreg\u00f3 ayudas t\u00e9cnicas a vecinos e instituciones de la localidad; mientras que el Instituto Provincial de Desarrollo Urbano y de Vivienda (IPDUV) otorg\u00f3 t\u00edtulos de propiedad a familias que aguardaron durante [&hellip;]<\/p>\n","protected":false},"author":2,"featured_media":15019,"comment_status":"open","ping_status":"open","sticky":false,"template":"","format":"standard","meta":{"footnotes":""},"categories":[27],"tags":[],"class_list":{"0":"post-15018","1":"post","2":"type-post","3":"status-publish","4":"format-standard","5":"has-post-thumbnail","7":"category-interior"},"aioseo_notices":[],"_links":{"self":[{"href":"https:\/\/lalupa24.com.ar\/index.php\/wp-json\/wp\/v2\/posts\/15018","targetHints":{"allow":["GET"]}}],"collection":[{"href":"https:\/\/lalupa24.com.ar\/index.php\/wp-json\/wp\/v2\/posts"}],"about":[{"href":"https:\/\/lalupa24.com.ar\/index.php\/wp-json\/wp\/v2\/types\/post"}],"author":[{"embeddable":true,"href":"https:\/\/lalupa24.com.ar\/index.php\/wp-json\/wp\/v2\/users\/2"}],"replies":[{"embeddable":true,"href":"https:\/\/lalupa24.com.ar\/index.php\/wp-json\/wp\/v2\/comments?post=15018"}],"version-history":[{"count":1,"href":"https:\/\/lalupa24.com.ar\/index.php\/wp-json\/wp\/v2\/posts\/15018\/revisions"}],"predecessor-version":[{"id":15020,"href":"https:\/\/lalupa24.com.ar\/index.php\/wp-json\/wp\/v2\/posts\/15018\/revisions\/15020"}],"wp:featuredmedia":[{"embeddable":true,"href":"https:\/\/lalupa24.com.ar\/index.php\/wp-json\/wp\/v2\/media\/15019"}],"wp:attachment":[{"href":"https:\/\/lalupa24.com.ar\/index.php\/wp-json\/wp\/v2\/media?parent=15018"}],"wp:term":[{"taxonomy":"category","embeddable":true,"href":"https:\/\/lalupa24.com.ar\/index.php\/wp-json\/wp\/v2\/categories?post=15018"},{"taxonomy":"post_tag","embeddable":true,"href":"https:\/\/lalupa24.com.ar\/index.php\/wp-json\/wp\/v2\/tags?post=15018"}],"curies":[{"name":"wp","href":"https:\/\/api.w.org\/{rel}","templated":true}]}}