{"id":15103,"date":"2025-12-15T09:59:33","date_gmt":"2025-12-15T12:59:33","guid":{"rendered":"https:\/\/lalupa24.com.ar\/?p=15103"},"modified":"2025-12-15T09:59:35","modified_gmt":"2025-12-15T12:59:35","slug":"el-regreso-inesperado-aseguran-que-shakira-y-antonio-de-la-rua-retomaron-su-relacion-amorosa-tras-anos-de-separacion","status":"publish","type":"post","link":"https:\/\/lalupa24.com.ar\/index.php\/2025\/12\/15\/el-regreso-inesperado-aseguran-que-shakira-y-antonio-de-la-rua-retomaron-su-relacion-amorosa-tras-anos-de-separacion\/","title":{"rendered":"EL REGRESO INESPERADO: ASEGURAN QUE SHAKIRA Y ANTONIO DE LA R\u00daA RETOMARON SU RELACI\u00d3N AMOROSA TRAS A\u00d1OS DE SEPARACI\u00d3N"},"content":{"rendered":"\n<p>Una de las noticias m\u00e1s resonantes del panorama del entretenimiento global asegura que Shakira y Antonio de la R\u00faa habr\u00edan retomado su v\u00ednculo sentimental. Esta informaci\u00f3n, que ha generado un sismo medi\u00e1tico, apunta a la reconciliaci\u00f3n de una de las parejas m\u00e1s ic\u00f3nicas de principios de siglo, que mantuvo un noviazgo de once a\u00f1os y cuya separaci\u00f3n en 2010 fue un evento de alto impacto en la prensa internacional.<\/p>\n\n\n\n<p>La versi\u00f3n sobre este sorprendente regreso amoroso ha sido difundida por fuentes cercanas al entorno de la artista y confirmada por medios especializados en cr\u00f3nica social. Seg\u00fan los reportes, la relaci\u00f3n no ser\u00eda un hecho reciente, sino que se habr\u00eda estado gestando en secreto desde hace un tiempo, logrando mantenerse fuera del radar p\u00fablico a pesar de la intensa vigilancia medi\u00e1tica que rodea a la cantante colombiana, especialmente tras su reciente y muy publicitada ruptura con el exfutbolista Gerard Piqu\u00e9.<\/p>\n\n\n\n<p>El contexto de esta presunta reconciliaci\u00f3n es crucial. Tras un per\u00edodo personal turbulento marcado por su separaci\u00f3n de Piqu\u00e9 y los desaf\u00edos legales y de residencia, el posible retorno a un v\u00ednculo emocional estable y conocido como el que manten\u00eda con De la R\u00faa, podr\u00eda interpretarse como una b\u00fasqueda de estabilidad y refugio en una figura que conoce \u00edntimamente su pasado y su carrera. Antonio de la R\u00faa no solo fue su pareja, sino tambi\u00e9n una pieza fundamental en la gesti\u00f3n de sus negocios y carrera musical durante esa d\u00e9cada.<\/p>\n\n\n\n<p>La noticia se da en un momento de gran efervescencia profesional para Shakira, quien ha revitalizado su carrera con lanzamientos musicales que abordan directamente su experiencia personal y su proceso de duelo. Expertos en <em>marketing<\/em> de celebridades sugieren que, de confirmarse, esta nueva etapa sentimental podr\u00eda influir en el tono de su pr\u00f3xima producci\u00f3n art\u00edstica, quiz\u00e1s marcando un retorno a tem\u00e1ticas m\u00e1s optimistas o introspectivas.<\/p>\n\n\n\n<p>Hasta el momento, ni Shakira ni Antonio de la R\u00faa han emitido declaraciones oficiales que confirmen o desmientan la informaci\u00f3n. Este silencio, sin embargo, solo amplifica la especulaci\u00f3n y la expectativa del p\u00fablico, que sigue de cerca la vida de la superestrella. La falta de desmentida por parte de ambos es considerada por algunos analistas como una se\u00f1al de credibilidad del rumor, aunque se mantiene la cautela ante la ausencia de una confirmaci\u00f3n directa.<\/p>\n\n\n\n<p>De confirmarse, el regreso de la pareja representar\u00eda una de las historias de reconciliaci\u00f3n m\u00e1s significativas del espect\u00e1culo en los \u00faltimos a\u00f1os. Este desarrollo no solo redefine la vida personal de Shakira, sino que tambi\u00e9n reabre la conversaci\u00f3n sobre c\u00f3mo las figuras p\u00fablicas navegan la complejidad de sus relaciones en la esfera global. El tiempo dir\u00e1 si esta nueva etapa ser\u00e1 tan influyente y duradera como la primera.<\/p>\n","protected":false},"excerpt":{"rendered":"<p>Una de las noticias m\u00e1s resonantes del panorama del entretenimiento global asegura que Shakira y Antonio de la R\u00faa habr\u00edan retomado su v\u00ednculo sentimental. Esta informaci\u00f3n, que ha generado un sismo medi\u00e1tico, apunta a la reconciliaci\u00f3n de una de las parejas m\u00e1s ic\u00f3nicas de principios de siglo, que mantuvo un noviazgo de once a\u00f1os y [&hellip;]<\/p>\n","protected":false},"author":2,"featured_media":15104,"comment_status":"open","ping_status":"open","sticky":false,"template":"","format":"standard","meta":{"footnotes":""},"categories":[26],"tags":[],"class_list":{"0":"post-15103","1":"post","2":"type-post","3":"status-publish","4":"format-standard","5":"has-post-thumbnail","7":"category-nacionales"},"aioseo_notices":[],"_links":{"self":[{"href":"https:\/\/lalupa24.com.ar\/index.php\/wp-json\/wp\/v2\/posts\/15103","targetHints":{"allow":["GET"]}}],"collection":[{"href":"https:\/\/lalupa24.com.ar\/index.php\/wp-json\/wp\/v2\/posts"}],"about":[{"href":"https:\/\/lalupa24.com.ar\/index.php\/wp-json\/wp\/v2\/types\/post"}],"author":[{"embeddable":true,"href":"https:\/\/lalupa24.com.ar\/index.php\/wp-json\/wp\/v2\/users\/2"}],"replies":[{"embeddable":true,"href":"https:\/\/lalupa24.com.ar\/index.php\/wp-json\/wp\/v2\/comments?post=15103"}],"version-history":[{"count":1,"href":"https:\/\/lalupa24.com.ar\/index.php\/wp-json\/wp\/v2\/posts\/15103\/revisions"}],"predecessor-version":[{"id":15106,"href":"https:\/\/lalupa24.com.ar\/index.php\/wp-json\/wp\/v2\/posts\/15103\/revisions\/15106"}],"wp:featuredmedia":[{"embeddable":true,"href":"https:\/\/lalupa24.com.ar\/index.php\/wp-json\/wp\/v2\/media\/15104"}],"wp:attachment":[{"href":"https:\/\/lalupa24.com.ar\/index.php\/wp-json\/wp\/v2\/media?parent=15103"}],"wp:term":[{"taxonomy":"category","embeddable":true,"href":"https:\/\/lalupa24.com.ar\/index.php\/wp-json\/wp\/v2\/categories?post=15103"},{"taxonomy":"post_tag","embeddable":true,"href":"https:\/\/lalupa24.com.ar\/index.php\/wp-json\/wp\/v2\/tags?post=15103"}],"curies":[{"name":"wp","href":"https:\/\/api.w.org\/{rel}","templated":true}]}}