{"id":15122,"date":"2025-12-15T10:14:19","date_gmt":"2025-12-15T13:14:19","guid":{"rendered":"https:\/\/lalupa24.com.ar\/?p=15122"},"modified":"2025-12-15T10:14:21","modified_gmt":"2025-12-15T13:14:21","slug":"horacio-rodriguez-larreta-y-milagros-maylin-anuncian-la-espera-de-su-primer-hijo-en-comun","status":"publish","type":"post","link":"https:\/\/lalupa24.com.ar\/index.php\/2025\/12\/15\/horacio-rodriguez-larreta-y-milagros-maylin-anuncian-la-espera-de-su-primer-hijo-en-comun\/","title":{"rendered":"HORACIO RODR\u00cdGUEZ LARRETA Y MILAGROS MAYLIN ANUNCIAN LA ESPERA DE SU PRIMER HIJO EN COM\u00daN"},"content":{"rendered":"\n<p>Horacio Rodr\u00edguez Larreta, referente pol\u00edtico, y su pareja, Milagros Maylin, han confirmado una noticia que trasciende la pol\u00edtica: esperan a su primer hijo en com\u00fan, que ser\u00e1 un var\u00f3n. Este anuncio oficial marca una nueva etapa en la vida personal de la pareja, que ha mantenido una relaci\u00f3n con un perfil medi\u00e1tico alto desde su confirmaci\u00f3n p\u00fablica.<\/p>\n\n\n\n<p>La noticia fue comunicada a trav\u00e9s de sus canales personales y gener\u00f3 inmediatas repercusiones en el \u00e1mbito social y pol\u00edtico. El embarazo de Maylin se convierte en un evento significativo para el exfuncionario, quien ya tiene descendencia de su matrimonio anterior, y para su pareja, quien se desempe\u00f1a en el \u00e1mbito de la gesti\u00f3n social.<\/p>\n\n\n\n<p>Desde que oficializaron su relaci\u00f3n, la pareja ha sido objeto de constante inter\u00e9s medi\u00e1tico, con una cobertura que equilibra su vida personal con las agendas profesionales de ambos. Este nuevo cap\u00edtulo familiar introduce un elemento de renovaci\u00f3n y alegr\u00eda en su entorno, en un contexto donde las figuras p\u00fablicas argentinas suelen compartir sus hitos personales.<\/p>\n\n\n\n<p><strong>Reacciones y Contexto Personal<\/strong> El anuncio fue recibido con felicitaciones de figuras de todo el arco pol\u00edtico y social, demostrando c\u00f3mo los acontecimientos personales pueden generar consensos m\u00e1s all\u00e1 de las diferencias ideol\u00f3gicas. La pareja ha expresado su entusiasmo y expectativa ante la llegada del nuevo integrante, que se sumar\u00e1 a la familia a lo largo del pr\u00f3ximo a\u00f1o.<\/p>\n\n\n\n<p>Para Horacio Rodr\u00edguez Larreta, esta nueva paternidad se da en un momento de reordenamiento de su rol pol\u00edtico tras un per\u00edodo de intensa actividad ejecutiva y electoral. El equilibrio entre la vida p\u00fablica de alto perfil y las responsabilidades familiares es un desaf\u00edo constante para los l\u00edderes, y el nacimiento de su hijo sin duda reconfigurar\u00e1 sus prioridades en el futuro cercano.<\/p>\n\n\n\n<p>La proyecci\u00f3n del impacto de este anuncio se centra en el \u00e1mbito social, donde la noticia es celebrada como un evento feliz. Si bien es un hecho estrictamente privado, la vida de figuras p\u00fablicas como Rodr\u00edguez Larreta est\u00e1 constantemente expuesta. El foco se mantendr\u00e1 ahora en el bienestar de Milagros Maylin y la preparaci\u00f3n para la llegada del beb\u00e9, que marcar\u00e1 un nuevo ciclo para la reconocida pareja.<\/p>\n","protected":false},"excerpt":{"rendered":"<p>Horacio Rodr\u00edguez Larreta, referente pol\u00edtico, y su pareja, Milagros Maylin, han confirmado una noticia que trasciende la pol\u00edtica: esperan a su primer hijo en com\u00fan, que ser\u00e1 un var\u00f3n. Este anuncio oficial marca una nueva etapa en la vida personal de la pareja, que ha mantenido una relaci\u00f3n con un perfil medi\u00e1tico alto desde su [&hellip;]<\/p>\n","protected":false},"author":2,"featured_media":15113,"comment_status":"open","ping_status":"open","sticky":false,"template":"","format":"standard","meta":{"footnotes":""},"categories":[26],"tags":[],"class_list":{"0":"post-15122","1":"post","2":"type-post","3":"status-publish","4":"format-standard","5":"has-post-thumbnail","7":"category-nacionales"},"aioseo_notices":[],"_links":{"self":[{"href":"https:\/\/lalupa24.com.ar\/index.php\/wp-json\/wp\/v2\/posts\/15122","targetHints":{"allow":["GET"]}}],"collection":[{"href":"https:\/\/lalupa24.com.ar\/index.php\/wp-json\/wp\/v2\/posts"}],"about":[{"href":"https:\/\/lalupa24.com.ar\/index.php\/wp-json\/wp\/v2\/types\/post"}],"author":[{"embeddable":true,"href":"https:\/\/lalupa24.com.ar\/index.php\/wp-json\/wp\/v2\/users\/2"}],"replies":[{"embeddable":true,"href":"https:\/\/lalupa24.com.ar\/index.php\/wp-json\/wp\/v2\/comments?post=15122"}],"version-history":[{"count":1,"href":"https:\/\/lalupa24.com.ar\/index.php\/wp-json\/wp\/v2\/posts\/15122\/revisions"}],"predecessor-version":[{"id":15123,"href":"https:\/\/lalupa24.com.ar\/index.php\/wp-json\/wp\/v2\/posts\/15122\/revisions\/15123"}],"wp:featuredmedia":[{"embeddable":true,"href":"https:\/\/lalupa24.com.ar\/index.php\/wp-json\/wp\/v2\/media\/15113"}],"wp:attachment":[{"href":"https:\/\/lalupa24.com.ar\/index.php\/wp-json\/wp\/v2\/media?parent=15122"}],"wp:term":[{"taxonomy":"category","embeddable":true,"href":"https:\/\/lalupa24.com.ar\/index.php\/wp-json\/wp\/v2\/categories?post=15122"},{"taxonomy":"post_tag","embeddable":true,"href":"https:\/\/lalupa24.com.ar\/index.php\/wp-json\/wp\/v2\/tags?post=15122"}],"curies":[{"name":"wp","href":"https:\/\/api.w.org\/{rel}","templated":true}]}}