{"id":15126,"date":"2025-12-15T10:15:52","date_gmt":"2025-12-15T13:15:52","guid":{"rendered":"https:\/\/lalupa24.com.ar\/?p=15126"},"modified":"2025-12-15T10:15:53","modified_gmt":"2025-12-15T13:15:53","slug":"milei-felicito-a-jose-antonio-kast-y-celebra-el-triunfo-aplastante-refuerzo-del-eje-libertario-regional","status":"publish","type":"post","link":"https:\/\/lalupa24.com.ar\/index.php\/2025\/12\/15\/milei-felicito-a-jose-antonio-kast-y-celebra-el-triunfo-aplastante-refuerzo-del-eje-libertario-regional\/","title":{"rendered":"MILEI FELICIT\u00d3 A JOS\u00c9 ANTONIO KAST Y CELEBRA EL &#8220;TRIUNFO APLASTANTE&#8221;: REFUERZO DEL EJE LIBERTARIO REGIONAL"},"content":{"rendered":"\n<p>El presidente argentino, Javier Milei, extendi\u00f3 una efusiva felicitaci\u00f3n a Jos\u00e9 Antonio Kast tras su arrolladora victoria en el balotaje presidencial de Chile. A trav\u00e9s de un mensaje p\u00fablico, el mandatario argentino expres\u00f3 su &#8220;enorme alegr\u00eda&#8221; por el resultado, reforzando la sinton\u00eda ideol\u00f3gica entre ambos l\u00edderes y consolidando un incipiente eje pol\u00edtico en el Cono Sur que comparte principios de derecha, liberalismo econ\u00f3mico y conservadurismo social.<\/p>\n\n\n\n<p>La reacci\u00f3n de Milei, que calific\u00f3 el resultado como un &#8220;triunfo aplastante&#8221;, subraya la afinidad ideol\u00f3gica que existe entre los dos referentes, ambos defensores de pol\u00edticas de libre mercado, reducci\u00f3n del gasto p\u00fablico y un enfoque de ley y orden. Este respaldo inmediato y entusiasta de Buenos Aires hacia el nuevo presidente electo chileno contrasta con las relaciones m\u00e1s tensas que la Argentina ha mantenido recientemente con otros gobiernos vecinos.<\/p>\n\n\n\n<p>El v\u00ednculo entre Argentina y Chile es de vital importancia geopol\u00edtica, comercial y cultural. El triunfo de Kast, y la sinton\u00eda expl\u00edcita con el gobierno de Milei, anticipa una posible mejora en las relaciones bilaterales y una coordinaci\u00f3n m\u00e1s estrecha en foros regionales, especialmente en temas de integraci\u00f3n econ\u00f3mica y seguridad en la frontera andina. Se espera que la diplomacia entre ambos pa\u00edses adquiera un tono m\u00e1s constructivo y pragm\u00e1tico.<\/p>\n\n\n\n<p><strong>Proyecciones en la Integraci\u00f3n Regional<\/strong> Seg\u00fan expertos en pol\u00edtica exterior, la convergencia ideol\u00f3gica entre los l\u00edderes podr\u00eda impulsar iniciativas conjuntas en el Mercosur o la Alianza del Pac\u00edfico, buscando un contrapeso a las administraciones de izquierda en la regi\u00f3n. El enfoque compartido en la desregulaci\u00f3n econ\u00f3mica y la atracci\u00f3n de inversiones podr\u00eda traducirse en acuerdos comerciales m\u00e1s flexibles y en pol\u00edticas coordinadas para enfrentar desaf\u00edos comunes.<\/p>\n\n\n\n<p>La felicitaci\u00f3n de Milei es vista, adem\u00e1s, como un mensaje pol\u00edtico hacia el interior de la regi\u00f3n, destacando la fuerza de los movimientos que promueven un cambio radical en las estructuras estatales tradicionales. El mandatario argentino ha encontrado en Kast un aliado estrat\u00e9gico que comparte su visi\u00f3n de un Estado reducido y una mayor participaci\u00f3n del sector privado en la econom\u00eda.<\/p>\n\n\n\n<p>En definitiva, la consolidaci\u00f3n de Jos\u00e9 Antonio Kast en Chile no solo es un cambio significativo para ese pa\u00eds, sino que tambi\u00e9n tiene un efecto inmediato en la diplomacia argentina. La celebraci\u00f3n de Milei anticipa una etapa de mayor cooperaci\u00f3n y entendimiento bilateral, con el objetivo de promover una agenda compartida de reformas econ\u00f3micas en la regi\u00f3n y la consolidaci\u00f3n del espacio libertario en Am\u00e9rica del Sur.<\/p>\n","protected":false},"excerpt":{"rendered":"<p>El presidente argentino, Javier Milei, extendi\u00f3 una efusiva felicitaci\u00f3n a Jos\u00e9 Antonio Kast tras su arrolladora victoria en el balotaje presidencial de Chile. A trav\u00e9s de un mensaje p\u00fablico, el mandatario argentino expres\u00f3 su &#8220;enorme alegr\u00eda&#8221; por el resultado, reforzando la sinton\u00eda ideol\u00f3gica entre ambos l\u00edderes y consolidando un incipiente eje pol\u00edtico en el Cono [&hellip;]<\/p>\n","protected":false},"author":2,"featured_media":15115,"comment_status":"open","ping_status":"open","sticky":false,"template":"","format":"standard","meta":{"footnotes":""},"categories":[26],"tags":[],"class_list":{"0":"post-15126","1":"post","2":"type-post","3":"status-publish","4":"format-standard","5":"has-post-thumbnail","7":"category-nacionales"},"aioseo_notices":[],"_links":{"self":[{"href":"https:\/\/lalupa24.com.ar\/index.php\/wp-json\/wp\/v2\/posts\/15126","targetHints":{"allow":["GET"]}}],"collection":[{"href":"https:\/\/lalupa24.com.ar\/index.php\/wp-json\/wp\/v2\/posts"}],"about":[{"href":"https:\/\/lalupa24.com.ar\/index.php\/wp-json\/wp\/v2\/types\/post"}],"author":[{"embeddable":true,"href":"https:\/\/lalupa24.com.ar\/index.php\/wp-json\/wp\/v2\/users\/2"}],"replies":[{"embeddable":true,"href":"https:\/\/lalupa24.com.ar\/index.php\/wp-json\/wp\/v2\/comments?post=15126"}],"version-history":[{"count":1,"href":"https:\/\/lalupa24.com.ar\/index.php\/wp-json\/wp\/v2\/posts\/15126\/revisions"}],"predecessor-version":[{"id":15127,"href":"https:\/\/lalupa24.com.ar\/index.php\/wp-json\/wp\/v2\/posts\/15126\/revisions\/15127"}],"wp:featuredmedia":[{"embeddable":true,"href":"https:\/\/lalupa24.com.ar\/index.php\/wp-json\/wp\/v2\/media\/15115"}],"wp:attachment":[{"href":"https:\/\/lalupa24.com.ar\/index.php\/wp-json\/wp\/v2\/media?parent=15126"}],"wp:term":[{"taxonomy":"category","embeddable":true,"href":"https:\/\/lalupa24.com.ar\/index.php\/wp-json\/wp\/v2\/categories?post=15126"},{"taxonomy":"post_tag","embeddable":true,"href":"https:\/\/lalupa24.com.ar\/index.php\/wp-json\/wp\/v2\/tags?post=15126"}],"curies":[{"name":"wp","href":"https:\/\/api.w.org\/{rel}","templated":true}]}}