{"id":15173,"date":"2025-12-17T18:43:59","date_gmt":"2025-12-17T21:43:59","guid":{"rendered":"https:\/\/lalupa24.com.ar\/?p=15173"},"modified":"2025-12-17T18:44:00","modified_gmt":"2025-12-17T21:44:00","slug":"tension-y-enfrentamientos-en-las-afueras-del-congreso-durante-el-debate-del-presupuesto-2026","status":"publish","type":"post","link":"https:\/\/lalupa24.com.ar\/index.php\/2025\/12\/17\/tension-y-enfrentamientos-en-las-afueras-del-congreso-durante-el-debate-del-presupuesto-2026\/","title":{"rendered":"TENSI\u00d3N Y ENFRENTAMIENTOS EN LAS AFUERAS DEL CONGRESO DURANTE EL DEBATE DEL PRESUPUESTO 2026"},"content":{"rendered":"\n<p>Una jornada de alta volatilidad pol\u00edtica y social se vive en las inmediaciones del Congreso de la Naci\u00f3n, donde manifestantes de diversas organizaciones sociales y sindicatos mantienen un tenso enfrentamiento con las fuerzas de seguridad. La protesta se origin\u00f3 de forma paralela al inicio de la sesi\u00f3n en la C\u00e1mara de Diputados, donde se debate el proyecto de Presupuesto 2026. El despliegue del protocolo antipiquetes deriv\u00f3 en incidentes aislados cuando grupos de manifestantes intentaron vulnerar el cord\u00f3n policial que protege los accesos al palacio legislativo.<\/p>\n\n\n\n<p>El foco del conflicto radica en las partidas presupuestarias asignadas para el pr\u00f3ximo a\u00f1o, las cuales contemplan un fuerte ajuste en \u00e1reas sensibles como la obra p\u00fablica y los fondos para universidades nacionales. De acuerdo con fuentes policiales, el operativo de seguridad cuenta con la participaci\u00f3n de Gendarmer\u00eda Nacional y la Polic\u00eda Federal, con el objetivo de garantizar la libre circulaci\u00f3n en las arterias principales de la zona. Sin embargo, el uso de gases lacrim\u00f3genos y camiones hidrantes ha sido necesario para contener los intentos de avanzar sobre las vallas de seguridad.<\/p>\n\n\n\n<p>Dentro del recinto, la atm\u00f3sfera no es menos hostil. La oposici\u00f3n ha denunciado que el proyecto oficialista subestima la inflaci\u00f3n proyectada y prioriza el pago de deuda externa sobre el gasto social. Referentes de los bloques minoritarios advierten que, de aprobarse el presupuesto en sus t\u00e9rminos actuales, se profundizar\u00eda la recesi\u00f3n en sectores clave de la econom\u00eda interna. Por su parte, el Poder Ejecutivo sostiene que el &#8220;equilibrio fiscal innegociable&#8221; es la \u00fanica v\u00eda para consolidar la estabilidad macroecon\u00f3mica alcanzada en los \u00faltimos meses.<\/p>\n\n\n\n<p>Informes de analistas pol\u00edticos sugieren que esta protesta es una de las m\u00e1s multitudinarias en lo que va del ciclo legislativo, reflejando el malestar de sectores que se ven directamente afectados por la reducci\u00f3n de subsidios y la desregulaci\u00f3n de precios. Organizaciones de derechos humanos han solicitado la presencia de veedores para monitorear el accionar de las fuerzas de seguridad, mientras que el Ministerio de Seguridad defiende la legitimidad del operativo bajo la premisa de mantener el orden p\u00fablico durante un acto institucional clave.<\/p>\n\n\n\n<p>La situaci\u00f3n se ha visto agravada por la interrupci\u00f3n total del servicio de transporte en las calles aleda\u00f1as, lo que ha generado un caos vehicular en el centro porte\u00f1o. Mientras los legisladores contin\u00faan con las exposiciones de los dict\u00e1menes de mayor\u00eda y minor\u00eda, la tensi\u00f3n en la calle no parece ceder. La sesi\u00f3n se prev\u00e9 marat\u00f3nica, extendi\u00e9ndose posiblemente hasta la madrugada, bajo un clima de incertidumbre sobre si el oficialismo lograr\u00e1 los votos necesarios para la media sanci\u00f3n sin introducir modificaciones sustanciales.<\/p>\n\n\n\n<p>Hacia el cierre de la jornada, el impacto de estos incidentes podr\u00eda marcar un punto de inflexi\u00f3n en la relaci\u00f3n entre el Gobierno y los movimientos sociales. Si bien el debate legislativo sigue su curso formal, la imagen de un Congreso blindado y rodeado de conflictos sociales plantea desaf\u00edos inmediatos para la gobernabilidad. El desenlace de la votaci\u00f3n y la evoluci\u00f3n de las protestas en las pr\u00f3ximas horas ser\u00e1n determinantes para definir el clima pol\u00edtico con el que la administraci\u00f3n nacional iniciar\u00e1 el nuevo a\u00f1o fiscal.<\/p>\n","protected":false},"excerpt":{"rendered":"<p>Una jornada de alta volatilidad pol\u00edtica y social se vive en las inmediaciones del Congreso de la Naci\u00f3n, donde manifestantes de diversas organizaciones sociales y sindicatos mantienen un tenso enfrentamiento con las fuerzas de seguridad. La protesta se origin\u00f3 de forma paralela al inicio de la sesi\u00f3n en la C\u00e1mara de Diputados, donde se debate [&hellip;]<\/p>\n","protected":false},"author":2,"featured_media":15169,"comment_status":"open","ping_status":"open","sticky":false,"template":"","format":"standard","meta":{"footnotes":""},"categories":[26],"tags":[],"class_list":{"0":"post-15173","1":"post","2":"type-post","3":"status-publish","4":"format-standard","5":"has-post-thumbnail","7":"category-nacionales"},"aioseo_notices":[],"_links":{"self":[{"href":"https:\/\/lalupa24.com.ar\/index.php\/wp-json\/wp\/v2\/posts\/15173","targetHints":{"allow":["GET"]}}],"collection":[{"href":"https:\/\/lalupa24.com.ar\/index.php\/wp-json\/wp\/v2\/posts"}],"about":[{"href":"https:\/\/lalupa24.com.ar\/index.php\/wp-json\/wp\/v2\/types\/post"}],"author":[{"embeddable":true,"href":"https:\/\/lalupa24.com.ar\/index.php\/wp-json\/wp\/v2\/users\/2"}],"replies":[{"embeddable":true,"href":"https:\/\/lalupa24.com.ar\/index.php\/wp-json\/wp\/v2\/comments?post=15173"}],"version-history":[{"count":1,"href":"https:\/\/lalupa24.com.ar\/index.php\/wp-json\/wp\/v2\/posts\/15173\/revisions"}],"predecessor-version":[{"id":15174,"href":"https:\/\/lalupa24.com.ar\/index.php\/wp-json\/wp\/v2\/posts\/15173\/revisions\/15174"}],"wp:featuredmedia":[{"embeddable":true,"href":"https:\/\/lalupa24.com.ar\/index.php\/wp-json\/wp\/v2\/media\/15169"}],"wp:attachment":[{"href":"https:\/\/lalupa24.com.ar\/index.php\/wp-json\/wp\/v2\/media?parent=15173"}],"wp:term":[{"taxonomy":"category","embeddable":true,"href":"https:\/\/lalupa24.com.ar\/index.php\/wp-json\/wp\/v2\/categories?post=15173"},{"taxonomy":"post_tag","embeddable":true,"href":"https:\/\/lalupa24.com.ar\/index.php\/wp-json\/wp\/v2\/tags?post=15173"}],"curies":[{"name":"wp","href":"https:\/\/api.w.org\/{rel}","templated":true}]}}