{"id":15175,"date":"2025-12-17T18:44:28","date_gmt":"2025-12-17T21:44:28","guid":{"rendered":"https:\/\/lalupa24.com.ar\/?p=15175"},"modified":"2025-12-17T18:44:29","modified_gmt":"2025-12-17T21:44:29","slug":"crisis-institucional-en-el-senado-bonaerense-ante-la-falta-de-acuerdo-por-la-designacion-de-autoridades","status":"publish","type":"post","link":"https:\/\/lalupa24.com.ar\/index.php\/2025\/12\/17\/crisis-institucional-en-el-senado-bonaerense-ante-la-falta-de-acuerdo-por-la-designacion-de-autoridades\/","title":{"rendered":"CRISIS INSTITUCIONAL EN EL SENADO BONAERENSE ANTE LA FALTA DE ACUERDO POR LA DESIGNACI\u00d3N DE AUTORIDADES"},"content":{"rendered":"\n<p>El Senado de la Provincia de Buenos Aires se encuentra sumido en una profunda par\u00e1lisis legislativa debido a la escalada de tensi\u00f3n entre las principales fuerzas pol\u00edticas. El n\u00facleo del conflicto es la insistencia del bloque de Uni\u00f3n por la Patria en avanzar con la designaci\u00f3n de las autoridades de la C\u00e1mara, un proceso que permanece trabado por la falta de consenso con la oposici\u00f3n. Esta disputa no solo impide el tratamiento de proyectos de ley urgentes, sino que amenaza con fracturar los puentes de di\u00e1logo en la legislatura provincial.<\/p>\n\n\n\n<p>Desde el kirchnerismo argumentan que la designaci\u00f3n de los cargos jer\u00e1rquicos y las presidencias de las comisiones estrat\u00e9gicas debe respetar la representatividad obtenida en los \u00faltimos comicios. Sin embargo, los bloques de la oposici\u00f3n exigen una mayor participaci\u00f3n en la toma de decisiones y denuncian un intento de &#8220;hegemon\u00eda administrativa&#8221; por parte del oficialismo. Seg\u00fan fuentes legislativas, las negociaciones se encuentran en un punto muerto, con ambas partes acus\u00e1ndose mutuamente de priorizar intereses partidarios sobre las necesidades de los bonaerenses.<\/p>\n\n\n\n<p>La par\u00e1lisis en el Senado tiene consecuencias directas sobre la agenda del Poder Ejecutivo provincial. Sin una estructura de autoridades definida, no se pueden conformar las comisiones de Presupuesto y Hacienda, lo que retrasa el an\u00e1lisis de partidas vitales para los municipios. Analistas pol\u00edticos locales advierten que este escenario de acefal\u00eda administrativa debilita la capacidad de gesti\u00f3n en un contexto donde la provincia enfrenta desaf\u00edos cr\u00edticos en materia de seguridad e infraestructura escolar.<\/p>\n\n\n\n<p>Las declaraciones cruzadas han dominado la escena medi\u00e1tica en las \u00faltimas horas. Mientras que los referentes del oficialismo instan a la &#8220;responsabilidad institucional&#8221; para destrabar la c\u00e1mara, la oposici\u00f3n sostiene que no ceder\u00e1 ante lo que consideran un avasallamiento de las minor\u00edas. Esta polarizaci\u00f3n ha llevado a que las sesiones ordinarias se vean postergadas indefinidamente, dejando en el tintero leyes de emergencia econ\u00f3mica que requieren una aprobaci\u00f3n inmediata antes de finalizar el periodo legislativo.<\/p>\n\n\n\n<p>Expertos en derecho constitucional se\u00f1alan que esta situaci\u00f3n pone de manifiesto la fragilidad de los acuerdos pol\u00edticos en la Legislatura bonaerense. La ausencia de un \u00e1rbitro claro y la fragmentaci\u00f3n de los bloques opositores complican a\u00fan m\u00e1s la posibilidad de un acuerdo a corto plazo. Si no se alcanza un consenso en los pr\u00f3ximos d\u00edas, el Senado podr\u00eda entrar en un periodo de inactividad t\u00e9cnica que afectar\u00eda la validaci\u00f3n de decretos y nombramientos judiciales pendientes de ratificaci\u00f3n.<\/p>\n\n\n\n<p>La proyecci\u00f3n para las pr\u00f3ximas semanas es de una incertidumbre persistente. Se espera que las negociaciones se trasladen a niveles m\u00e1s altos de las estructuras partidarias, buscando un acuerdo integral que incluya el reparto de cargos en organismos extrapoder. El desenlace de esta crisis institucional ser\u00e1 un term\u00f3metro de la gobernabilidad en la provincia m\u00e1s poblada del pa\u00eds, marcando el ritmo de la relaci\u00f3n entre el ejecutivo provincial y las diversas facciones legislativas durante el pr\u00f3ximo a\u00f1o.<\/p>\n","protected":false},"excerpt":{"rendered":"<p>El Senado de la Provincia de Buenos Aires se encuentra sumido en una profunda par\u00e1lisis legislativa debido a la escalada de tensi\u00f3n entre las principales fuerzas pol\u00edticas. El n\u00facleo del conflicto es la insistencia del bloque de Uni\u00f3n por la Patria en avanzar con la designaci\u00f3n de las autoridades de la C\u00e1mara, un proceso que [&hellip;]<\/p>\n","protected":false},"author":2,"featured_media":15170,"comment_status":"open","ping_status":"open","sticky":false,"template":"","format":"standard","meta":{"footnotes":""},"categories":[26],"tags":[],"class_list":{"0":"post-15175","1":"post","2":"type-post","3":"status-publish","4":"format-standard","5":"has-post-thumbnail","7":"category-nacionales"},"aioseo_notices":[],"_links":{"self":[{"href":"https:\/\/lalupa24.com.ar\/index.php\/wp-json\/wp\/v2\/posts\/15175","targetHints":{"allow":["GET"]}}],"collection":[{"href":"https:\/\/lalupa24.com.ar\/index.php\/wp-json\/wp\/v2\/posts"}],"about":[{"href":"https:\/\/lalupa24.com.ar\/index.php\/wp-json\/wp\/v2\/types\/post"}],"author":[{"embeddable":true,"href":"https:\/\/lalupa24.com.ar\/index.php\/wp-json\/wp\/v2\/users\/2"}],"replies":[{"embeddable":true,"href":"https:\/\/lalupa24.com.ar\/index.php\/wp-json\/wp\/v2\/comments?post=15175"}],"version-history":[{"count":1,"href":"https:\/\/lalupa24.com.ar\/index.php\/wp-json\/wp\/v2\/posts\/15175\/revisions"}],"predecessor-version":[{"id":15176,"href":"https:\/\/lalupa24.com.ar\/index.php\/wp-json\/wp\/v2\/posts\/15175\/revisions\/15176"}],"wp:featuredmedia":[{"embeddable":true,"href":"https:\/\/lalupa24.com.ar\/index.php\/wp-json\/wp\/v2\/media\/15170"}],"wp:attachment":[{"href":"https:\/\/lalupa24.com.ar\/index.php\/wp-json\/wp\/v2\/media?parent=15175"}],"wp:term":[{"taxonomy":"category","embeddable":true,"href":"https:\/\/lalupa24.com.ar\/index.php\/wp-json\/wp\/v2\/categories?post=15175"},{"taxonomy":"post_tag","embeddable":true,"href":"https:\/\/lalupa24.com.ar\/index.php\/wp-json\/wp\/v2\/tags?post=15175"}],"curies":[{"name":"wp","href":"https:\/\/api.w.org\/{rel}","templated":true}]}}