{"id":15187,"date":"2025-12-17T18:55:13","date_gmt":"2025-12-17T21:55:13","guid":{"rendered":"https:\/\/lalupa24.com.ar\/?p=15187"},"modified":"2025-12-17T18:55:14","modified_gmt":"2025-12-17T21:55:14","slug":"estrategia-federal-kicillof-refuerza-su-proyeccion-nacional-con-un-encuentro-clave-en-formosa","status":"publish","type":"post","link":"https:\/\/lalupa24.com.ar\/index.php\/2025\/12\/17\/estrategia-federal-kicillof-refuerza-su-proyeccion-nacional-con-un-encuentro-clave-en-formosa\/","title":{"rendered":"ESTRATEGIA FEDERAL: KICILLOF REFUERZA SU PROYECCI\u00d3N NACIONAL CON UN ENCUENTRO CLAVE EN FORMOSA"},"content":{"rendered":"\n<p>El gobernador de la provincia de Buenos Aires, Axel Kicillof, ha dado un paso estrat\u00e9gico en su construcci\u00f3n de liderazgo nacional al concretar una visita oficial a Gildo Insfr\u00e1n en Formosa. Este encuentro, lejos de ser meramente institucional, se interpreta como un movimiento de piezas clave dentro del peronismo para consolidar un frente de resistencia y alternativa al modelo econ\u00f3mico de la actual administraci\u00f3n central. La foto junto a Insfr\u00e1n, una figura de peso hist\u00f3rico en el Consejo Federal de Inversiones (CFI), refuerza el perfil de Kicillof como el principal referente opositor con capacidad de articulaci\u00f3n territorial.<\/p>\n\n\n\n<p>La agenda en Formosa se centr\u00f3 en la defensa del federalismo y la cr\u00edtica conjunta al recorte de transferencias directas a las provincias. Seg\u00fan fuentes cercanas a la gobernaci\u00f3n bonaerense, el di\u00e1logo entre ambos mandatarios gir\u00f3 en torno a la necesidad de coordinar acciones ante la paralizaci\u00f3n de la obra p\u00fablica financiada por Naci\u00f3n, un tema que afecta con especial dureza al norte argentino y al conurbano bonaerense. Para Kicillof, obtener el respaldo expl\u00edcito de un &#8220;bar\u00f3n&#8221; provincial como Insfr\u00e1n es fundamental para ganar tracci\u00f3n en el interior del pa\u00eds, donde el kirchnerismo suele enfrentar mayores resistencias.<\/p>\n\n\n\n<p>Analistas pol\u00edticos se\u00f1alan que este viaje marca el inicio de una &#8220;gira de alcance nacional&#8221; que llevar\u00e1 al gobernador bonaerense a distintos puntos del pa\u00eds en los pr\u00f3ximos meses. Con la mirada puesta en la reorganizaci\u00f3n del Partido Justicialista, Kicillof busca diferenciarse de otros sectores internos mediante una gesti\u00f3n activa y una presencia f\u00edsica constante en las provincias. Su objetivo es claro: demostrar que su liderazgo trasciende los l\u00edmites de la General Paz y que puede sintetizar las demandas de los gobernadores que se sienten asfixiados por la pol\u00edtica fiscal del Ejecutivo Nacional.<\/p>\n\n\n\n<p>Por su parte, Gildo Insfr\u00e1n utiliza este encuentro para reafirmar su vigencia como el gran articulador del peronismo de las provincias. Al recibir a Kicillof, el mandatario formose\u00f1o env\u00eda una se\u00f1al al resto de los gobernadores sobre la necesidad de unidad frente a un Gobierno central que promueve la desregulaci\u00f3n y el ajuste. La alianza entre la provincia con el mayor padr\u00f3n electoral y una provincia que simboliza la estructura tradicional del PJ del norte es un mensaje de poder que busca equilibrar la balanza pol\u00edtica interna de la oposici\u00f3n.<\/p>\n\n\n\n<p>En el plano econ\u00f3mico, ambos gobernadores coincidieron en que el modelo de &#8220;d\u00e9ficit cero&#8221; est\u00e1 generando una recesi\u00f3n que impacta directamente en la recaudaci\u00f3n provincial y en el consumo. Durante la visita, se discutieron mecanismos de cooperaci\u00f3n regional y t\u00e9cnica para mitigar los efectos de la ca\u00edda de la coparticipaci\u00f3n. Kicillof aprovech\u00f3 el foro para exponer los n\u00fameros de la provincia de Buenos Aires, argumentando que la viabilidad del pa\u00eds depende de un mercado interno robusto y no solo de la estabilidad financiera de la capital.<\/p>\n\n\n\n<p>El impacto futuro de esta reuni\u00f3n se medir\u00e1 en la capacidad del peronismo para presentar un frente unido en las pr\u00f3ximas contiendas legislativas. La reactivaci\u00f3n del perfil nacional de Kicillof lo coloca en una posici\u00f3n de exposici\u00f3n m\u00e1xima, pero tambi\u00e9n de riesgo frente a los sectores internos que a\u00fan disputan la conducci\u00f3n del movimiento. No obstante, el respaldo de Insfr\u00e1n le otorga un &#8220;anclaje territorial&#8221; indispensable para cualquier aspiraci\u00f3n presidencial, consolidando un eje pol\u00edtico que promete ser protagonista en la agenda p\u00fablica de los pr\u00f3ximos meses.<\/p>\n","protected":false},"excerpt":{"rendered":"<p>El gobernador de la provincia de Buenos Aires, Axel Kicillof, ha dado un paso estrat\u00e9gico en su construcci\u00f3n de liderazgo nacional al concretar una visita oficial a Gildo Insfr\u00e1n en Formosa. Este encuentro, lejos de ser meramente institucional, se interpreta como un movimiento de piezas clave dentro del peronismo para consolidar un frente de resistencia [&hellip;]<\/p>\n","protected":false},"author":2,"featured_media":15182,"comment_status":"open","ping_status":"open","sticky":false,"template":"","format":"standard","meta":{"footnotes":""},"categories":[26],"tags":[],"class_list":{"0":"post-15187","1":"post","2":"type-post","3":"status-publish","4":"format-standard","5":"has-post-thumbnail","7":"category-nacionales"},"aioseo_notices":[],"_links":{"self":[{"href":"https:\/\/lalupa24.com.ar\/index.php\/wp-json\/wp\/v2\/posts\/15187","targetHints":{"allow":["GET"]}}],"collection":[{"href":"https:\/\/lalupa24.com.ar\/index.php\/wp-json\/wp\/v2\/posts"}],"about":[{"href":"https:\/\/lalupa24.com.ar\/index.php\/wp-json\/wp\/v2\/types\/post"}],"author":[{"embeddable":true,"href":"https:\/\/lalupa24.com.ar\/index.php\/wp-json\/wp\/v2\/users\/2"}],"replies":[{"embeddable":true,"href":"https:\/\/lalupa24.com.ar\/index.php\/wp-json\/wp\/v2\/comments?post=15187"}],"version-history":[{"count":1,"href":"https:\/\/lalupa24.com.ar\/index.php\/wp-json\/wp\/v2\/posts\/15187\/revisions"}],"predecessor-version":[{"id":15188,"href":"https:\/\/lalupa24.com.ar\/index.php\/wp-json\/wp\/v2\/posts\/15187\/revisions\/15188"}],"wp:featuredmedia":[{"embeddable":true,"href":"https:\/\/lalupa24.com.ar\/index.php\/wp-json\/wp\/v2\/media\/15182"}],"wp:attachment":[{"href":"https:\/\/lalupa24.com.ar\/index.php\/wp-json\/wp\/v2\/media?parent=15187"}],"wp:term":[{"taxonomy":"category","embeddable":true,"href":"https:\/\/lalupa24.com.ar\/index.php\/wp-json\/wp\/v2\/categories?post=15187"},{"taxonomy":"post_tag","embeddable":true,"href":"https:\/\/lalupa24.com.ar\/index.php\/wp-json\/wp\/v2\/tags?post=15187"}],"curies":[{"name":"wp","href":"https:\/\/api.w.org\/{rel}","templated":true}]}}