{"id":15201,"date":"2025-12-17T19:01:16","date_gmt":"2025-12-17T22:01:16","guid":{"rendered":"https:\/\/lalupa24.com.ar\/?p=15201"},"modified":"2025-12-17T19:01:29","modified_gmt":"2025-12-17T22:01:29","slug":"la-cgt-prepara-una-masiva-movilizacion-a-plaza-de-mayo-y-refuerza-su-operativo-de-seguridad-propio","status":"publish","type":"post","link":"https:\/\/lalupa24.com.ar\/index.php\/2025\/12\/17\/la-cgt-prepara-una-masiva-movilizacion-a-plaza-de-mayo-y-refuerza-su-operativo-de-seguridad-propio\/","title":{"rendered":"LA CGT PREPARA UNA MASIVA MOVILIZACI\u00d3N A PLAZA DE MAYO Y REFUERZA SU OPERATIVO DE SEGURIDAD PROPIO"},"content":{"rendered":"\n<p>La Confederaci\u00f3n General del Trabajo (CGT) ha iniciado una fase de movilizaci\u00f3n masiva con el objetivo de congregar a unas 150.000 personas en la Plaza de Mayo, en lo que se prev\u00e9 como una de las demostraciones de fuerza sindical m\u00e1s importantes de los \u00faltimos meses. Ante la magnitud de la convocatoria, la c\u00fapula sindical ha decidido reforzar de manera extraordinaria su propio operativo de seguridad y control. Esta medida busca prevenir incidentes aislados que puedan desvirtuar el reclamo central y, al mismo tiempo, evitar provocaciones que deriven en enfrentamientos con las fuerzas de seguridad estatales.<\/p>\n\n\n\n<p>El trasfondo de esta marcha se asienta en el descontento social por la erosi\u00f3n del poder adquisitivo y las recientes medidas econ\u00f3micas que afectan a los convenios colectivos de trabajo. Seg\u00fan fuentes gremiales, la intenci\u00f3n es realizar una &#8220;demostraci\u00f3n de unidad&#8221; ante el Gobierno Nacional, marcando una postura firme frente a las reformas laborales y previsionales propuestas en el Congreso. La log\u00edstica para trasladar a miles de trabajadores desde el conurbano bonaerense y distintas provincias ya est\u00e1 en marcha, coordinada por los sindicatos de mayor peso como Camioneros, Sanidad y la UOCRA.<\/p>\n\n\n\n<p>El operativo de seguridad interna de la CGT contar\u00e1 con la participaci\u00f3n de cuerpos org\u00e1nicos de los gremios, quienes se encargar\u00e1n de establecer cordones de contenci\u00f3n y asegurar que las columnas de manifestantes ingresen y egresen de la zona de manera ordenada. Esta decisi\u00f3n de &#8220;autocontrol&#8221; responde a la vigencia del protocolo antipiquetes y a la necesidad de la central obrera de mantener la legitimidad de la protesta ante la opini\u00f3n p\u00fablica. Analistas pol\u00edticos sugieren que la CGT quiere evitar a toda costa escenas de violencia que den argumentos al Ejecutivo para criminalizar el derecho a la huelga.<\/p>\n\n\n\n<p>Desde el sector gubernamental, se observa con cautela este despliegue, reforzando la presencia de fuerzas federales en los puntos estrat\u00e9gicos de acceso a la Ciudad de Buenos Aires. La tensi\u00f3n entre el Ministerio de Seguridad y los organizadores radica en el uso del espacio p\u00fablico y la garant\u00eda de la circulaci\u00f3n. Sin embargo, la CGT ha manifestado que su prioridad es la paz social durante la jornada, enfocando el \u00e9xito del evento en la contundencia de la asistencia y no en el corte de arterias principales por tiempo indeterminado.<\/p>\n\n\n\n<p>En t\u00e9rminos econ\u00f3micos, la movilizaci\u00f3n representa un desaf\u00edo log\u00edstico y financiero para los sindicatos, pero es considerada una inversi\u00f3n necesaria para reafirmar su rol como interlocutores v\u00e1lidos en la mesa de negociaciones paritarias. La presi\u00f3n interna dentro de la central tambi\u00e9n juega un papel clave: los sectores m\u00e1s combativos exigen un plan de lucha que culmine en un paro general, mientras que el sector dialoguista ve en la movilizaci\u00f3n a Plaza de Mayo una forma de canalizar el malestar sin llegar al quiebre total de las negociaciones con el Estado.<\/p>\n\n\n\n<p>La proyecci\u00f3n para el d\u00eda de la marcha indica que la actividad en el centro porte\u00f1o se ver\u00e1 severamente afectada, con cierres de estaciones de subte y desv\u00edos de colectivos. El impacto futuro de esta movilizaci\u00f3n depender\u00e1 de la capacidad de la CGT para sostener la unidad del bloque sindical tras el acto y de la respuesta pol\u00edtica que ofrezca el Gobierno a los reclamos presentados. Como reflexi\u00f3n final, esta jornada ser\u00e1 un term\u00f3metro preciso del clima social en Argentina y de la capacidad de convocatoria de las estructuras sindicales tradicionales en un escenario de profunda transformaci\u00f3n pol\u00edtica.<\/p>\n","protected":false},"excerpt":{"rendered":"<p>La Confederaci\u00f3n General del Trabajo (CGT) ha iniciado una fase de movilizaci\u00f3n masiva con el objetivo de congregar a unas 150.000 personas en la Plaza de Mayo, en lo que se prev\u00e9 como una de las demostraciones de fuerza sindical m\u00e1s importantes de los \u00faltimos meses. Ante la magnitud de la convocatoria, la c\u00fapula sindical [&hellip;]<\/p>\n","protected":false},"author":2,"featured_media":15195,"comment_status":"open","ping_status":"open","sticky":false,"template":"","format":"standard","meta":{"footnotes":""},"categories":[26],"tags":[],"class_list":{"0":"post-15201","1":"post","2":"type-post","3":"status-publish","4":"format-standard","5":"has-post-thumbnail","7":"category-nacionales"},"aioseo_notices":[],"_links":{"self":[{"href":"https:\/\/lalupa24.com.ar\/index.php\/wp-json\/wp\/v2\/posts\/15201","targetHints":{"allow":["GET"]}}],"collection":[{"href":"https:\/\/lalupa24.com.ar\/index.php\/wp-json\/wp\/v2\/posts"}],"about":[{"href":"https:\/\/lalupa24.com.ar\/index.php\/wp-json\/wp\/v2\/types\/post"}],"author":[{"embeddable":true,"href":"https:\/\/lalupa24.com.ar\/index.php\/wp-json\/wp\/v2\/users\/2"}],"replies":[{"embeddable":true,"href":"https:\/\/lalupa24.com.ar\/index.php\/wp-json\/wp\/v2\/comments?post=15201"}],"version-history":[{"count":1,"href":"https:\/\/lalupa24.com.ar\/index.php\/wp-json\/wp\/v2\/posts\/15201\/revisions"}],"predecessor-version":[{"id":15202,"href":"https:\/\/lalupa24.com.ar\/index.php\/wp-json\/wp\/v2\/posts\/15201\/revisions\/15202"}],"wp:featuredmedia":[{"embeddable":true,"href":"https:\/\/lalupa24.com.ar\/index.php\/wp-json\/wp\/v2\/media\/15195"}],"wp:attachment":[{"href":"https:\/\/lalupa24.com.ar\/index.php\/wp-json\/wp\/v2\/media?parent=15201"}],"wp:term":[{"taxonomy":"category","embeddable":true,"href":"https:\/\/lalupa24.com.ar\/index.php\/wp-json\/wp\/v2\/categories?post=15201"},{"taxonomy":"post_tag","embeddable":true,"href":"https:\/\/lalupa24.com.ar\/index.php\/wp-json\/wp\/v2\/tags?post=15201"}],"curies":[{"name":"wp","href":"https:\/\/api.w.org\/{rel}","templated":true}]}}