{"id":1526,"date":"2024-05-10T16:55:25","date_gmt":"2024-05-10T19:55:25","guid":{"rendered":"https:\/\/lalupa24.com.ar\/?p=1526"},"modified":"2024-06-06T16:56:56","modified_gmt":"2024-06-06T19:56:56","slug":"el-gobierno-provincial-acerco-el-operativo-nache-a-makalle","status":"publish","type":"post","link":"https:\/\/lalupa24.com.ar\/index.php\/2024\/05\/10\/el-gobierno-provincial-acerco-el-operativo-nache-a-makalle\/","title":{"rendered":"El gobierno provincial acerc\u00f3 el operativo \u00d1ache a Makall\u00e9"},"content":{"rendered":"\n<p><\/p>\n\n\n\n<p><em>Este viernes, por la tarde, la vicegobernadora Silvana Schneider y la ministra de Desarrollo Humano, Carina Botteri Disoff, encabezaron el operativo del Programa Social y Articulado \u201c\u00d1achec\u201d, en la plaza central de la localidad de Makall\u00e9. Con la presencia de distintas \u00e1reas del Gobierno Provincial, este programa busca acercar el Estado a los vecinos, evacuar dudas y gestionar acciones para mejorar su calidad de vida.<\/em><\/p>\n\n\n\n<p><em>\u201dEs un verdadero honor estar ac\u00e1 con ustedes, presentes por decisi\u00f3n del gobernador Leandro Zdero, para estar a la par, junto a ustedes, brind\u00e1ndoles la informaci\u00f3n que necesitan de las diferentes \u00e1reas del Estado\u201d, explic\u00f3 la vicegobernadora, quien adem\u00e1s manifest\u00f3 que esta actividad es un mecanismo \u201cpara conocerlos y conocer tambi\u00e9n cada una de las problem\u00e1ticas en los diferentes sectores, \u00e1reas y poder trabajar juntos en su soluci\u00f3n\u201d, agreg\u00f3.<\/em><br>En este operativo participaron, brindando asesoramiento y evacuando dudas y consultas de la comunidad, referentes de organismos del Estado Provincial como el Ministerio de Educaci\u00f3n, Desarrollo Humano, Turismo, Instituto Provincial para la Inclusi\u00f3n de las Personas con Discapacidad (IPRODICH) y el Ministerio de Salud, donde en este \u00faltimo, por ejemplo, estaba colocando vacunas.<\/p>\n\n\n\n<p><em>Trabajo al lado de cada vecino<\/em><br>La ministra Botteri Disoff reconoci\u00f3 que la llegada del programa \u00d1achec a Makall\u00e9 \u201ces estar bajo la premisa del Gobernador Zdero de un trabajo en territorio \u201cal lado de cada vecino\u201d. Respecto del programa social articulado y provincial, repas\u00f3 el acompa\u00f1amiento de los ministerios de Salud, Educaci\u00f3n, el Instituto de Turismo e IPRODICH, entre otros organismos, con el objetivo de dar a conocer las soluciones que el Estado puede brindar a la gente y, a su vez, cu\u00e1les son sus necesidades.<\/p>\n\n\n\n<p>Participaron de la actividad el intendente local, Marcelo Angione; el ministro de Salud, Sergio Rodriguez; el subsecretario de Ni\u00f1ez, Adolescencia y Adultos Mayores, Fernando Dami\u00e1n Zamudio; la subsecretaria de Econom\u00eda para el Desarrollo, Martha Viviana Garc\u00eda; la coordinadora provincial de \u00d1achec, Lorena Kaenel; la presidente del IPRODICH, Ana Mitoire junto a la vicepresidente, M\u00f3nica Morales; el vicepresidente del Instituto de Turismo, Mart\u00edn Braillard Poccard; el vicepresidente del Instituto del Deporte Chaque\u00f1o, Gabriel Pellegrini; autoridades del Consejo Deliberante y municipales; y el intendente de Puerto Tirol, Humberto de Pompert Bangher.<\/p>\n\n\n\n<p><em>Programa Social Articulado Provincial \u00d1achec<\/em><br>El Programa Social Articulado Provincial \u00d1achec, se realiza a trav\u00e9s del Ministerio de Desarrollo Humano y busca lograr prestaciones sociales m\u00e1s equitativas, implement\u00e1ndose sin intermediarios, para beneficiar a todas las familias chaque\u00f1as y logrando mejorar as\u00ed su calidad de vida. Sus ejes principales son: Pol\u00edtica Alimentaria, Programa de Empleo y Capacitaci\u00f3n; y Asistencia Habitacional.<\/p>\n","protected":false},"excerpt":{"rendered":"<p>Este viernes, por la tarde, la vicegobernadora Silvana Schneider y la ministra de Desarrollo Humano, Carina Botteri Disoff, encabezaron el operativo del Programa Social y Articulado \u201c\u00d1achec\u201d, en la plaza central de la localidad de Makall\u00e9. Con la presencia de distintas \u00e1reas del Gobierno Provincial, este programa busca acercar el Estado a los vecinos, evacuar [&hellip;]<\/p>\n","protected":false},"author":2,"featured_media":1527,"comment_status":"open","ping_status":"open","sticky":false,"template":"","format":"standard","meta":{"footnotes":""},"categories":[27,28],"tags":[],"class_list":{"0":"post-1526","1":"post","2":"type-post","3":"status-publish","4":"format-standard","5":"has-post-thumbnail","7":"category-interior","8":"category-locales"},"aioseo_notices":[],"_links":{"self":[{"href":"https:\/\/lalupa24.com.ar\/index.php\/wp-json\/wp\/v2\/posts\/1526","targetHints":{"allow":["GET"]}}],"collection":[{"href":"https:\/\/lalupa24.com.ar\/index.php\/wp-json\/wp\/v2\/posts"}],"about":[{"href":"https:\/\/lalupa24.com.ar\/index.php\/wp-json\/wp\/v2\/types\/post"}],"author":[{"embeddable":true,"href":"https:\/\/lalupa24.com.ar\/index.php\/wp-json\/wp\/v2\/users\/2"}],"replies":[{"embeddable":true,"href":"https:\/\/lalupa24.com.ar\/index.php\/wp-json\/wp\/v2\/comments?post=1526"}],"version-history":[{"count":1,"href":"https:\/\/lalupa24.com.ar\/index.php\/wp-json\/wp\/v2\/posts\/1526\/revisions"}],"predecessor-version":[{"id":1528,"href":"https:\/\/lalupa24.com.ar\/index.php\/wp-json\/wp\/v2\/posts\/1526\/revisions\/1528"}],"wp:featuredmedia":[{"embeddable":true,"href":"https:\/\/lalupa24.com.ar\/index.php\/wp-json\/wp\/v2\/media\/1527"}],"wp:attachment":[{"href":"https:\/\/lalupa24.com.ar\/index.php\/wp-json\/wp\/v2\/media?parent=1526"}],"wp:term":[{"taxonomy":"category","embeddable":true,"href":"https:\/\/lalupa24.com.ar\/index.php\/wp-json\/wp\/v2\/categories?post=1526"},{"taxonomy":"post_tag","embeddable":true,"href":"https:\/\/lalupa24.com.ar\/index.php\/wp-json\/wp\/v2\/tags?post=1526"}],"curies":[{"name":"wp","href":"https:\/\/api.w.org\/{rel}","templated":true}]}}