{"id":15275,"date":"2025-12-19T09:23:43","date_gmt":"2025-12-19T12:23:43","guid":{"rendered":"https:\/\/lalupa24.com.ar\/?p=15275"},"modified":"2025-12-19T09:23:44","modified_gmt":"2025-12-19T12:23:44","slug":"tension-sindical-la-cgt-redobla-la-presion-por-cambios-tras-la-postergacion-de-la-reforma-laboral","status":"publish","type":"post","link":"https:\/\/lalupa24.com.ar\/index.php\/2025\/12\/19\/tension-sindical-la-cgt-redobla-la-presion-por-cambios-tras-la-postergacion-de-la-reforma-laboral\/","title":{"rendered":"TENSI\u00d3N SINDICAL: LA CGT REDOBLA LA PRESI\u00d3N POR CAMBIOS TRAS LA POSTERGACI\u00d3N DE LA REFORMA LABORAL"},"content":{"rendered":"\n<p>La decisi\u00f3n de postergar el debate de la reforma laboral en el Senado ha abierto un nuevo cap\u00edtulo de confrontaci\u00f3n entre el Gobierno y la Confederaci\u00f3n General del Trabajo (CGT). Ante el freno parlamentario, la c\u00fapula sindical ha anunciado que intensificar\u00e1 su estrategia de presi\u00f3n para introducir modificaciones sustanciales en el proyecto original, al que consideran lesivo para los derechos adquiridos. Esta pausa en el calendario legislativo es vista por el sindicalismo como una oportunidad pol\u00edtica para negociar desde una posici\u00f3n de mayor fuerza, aprovechando las dudas de los sectores dialoguistas en la C\u00e1mara Alta.<\/p>\n\n\n\n<p>Desde la sede de la calle Azopardo, los principales referentes gremiales sostienen que el texto actual no fomenta la creaci\u00f3n de empleo genuino, sino que facilita el despido y precariza las condiciones de contrataci\u00f3n. Seg\u00fan un comunicado interno de la central obrera, la CGT exigir\u00e1 que cualquier reforma incluya protecciones espec\u00edficas contra la tercerizaci\u00f3n abusiva y garantice la vigencia de los convenios colectivos de trabajo. El objetivo es desarticular los puntos m\u00e1s pol\u00e9micos de la ley antes de que se retome su tratamiento en el per\u00edodo de sesiones extraordinarias o al inicio del ciclo 2025.<\/p>\n\n\n\n<p>Expertos en derecho laboral se\u00f1alan que el Gobierno se encuentra en una encrucijada: ceder ante las demandas sindicales para asegurar la sanci\u00f3n de la ley o mantener la rigidez del proyecto para satisfacer las expectativas del sector empresario y los organismos internacionales. La postergaci\u00f3n en el Senado no solo responde a la falta de votos, sino tambi\u00e9n a la necesidad del oficialismo de evitar un conflicto social de gran escala en un momento de sensibilidad econ\u00f3mica. Mientras tanto, la CGT ha comenzado a articular una agenda de reuniones con bloques opositores para conformar un frente com\u00fan de rechazo a los art\u00edculos m\u00e1s liberales.<\/p>\n\n\n\n<p>En el entorno gubernamental, la lectura es distinta; consideran que la reforma es el pilar necesario para modernizar el mercado de trabajo y reducir la litigiosidad que afecta a las peque\u00f1as y medianas empresas. Fuentes oficiales indican que el Ejecutivo no est\u00e1 dispuesto a desvirtuar la esencia del proyecto, aunque admiten que podr\u00edan aceptarse &#8220;ajustes t\u00e9cnicos&#8221; en la reglamentaci\u00f3n. Esta distancia entre las partes augura un verano de intensas negociaciones y, posiblemente, de medidas de fuerza aisladas por parte de los gremios m\u00e1s combativos que integran la central.<\/p>\n\n\n\n<p>La implicancia pol\u00edtica de este conflicto trasciende lo laboral y se mete de lleno en la interna de la oposici\u00f3n, donde los gobernadores peronistas act\u00faan como mediadores entre el mandato de sus territorios y las exigencias sindicales. La presi\u00f3n de la CGT busca precisamente que estos mandatarios no brinden el qu\u00f3rum necesario sin antes asegurar las modificaciones solicitadas. En este sentido, la reforma laboral se ha convertido en la principal moneda de cambio de la pol\u00edtica nacional, donde cada coma del texto legal representa un equilibrio de poder espec\u00edfico.<\/p>\n\n\n\n<p>El escenario a futuro es de incertidumbre y alta volatilidad en la relaci\u00f3n Gobierno-Sindicatos. Si la CGT logra imponer sus cambios, el Gobierno podr\u00eda ver debilitada su imagen de firmeza ante los mercados; si el Ejecutivo logra avanzar sin modificaciones, el conflicto social podr\u00eda escalar hasta comprometer la paz social necesaria para la recuperaci\u00f3n econ\u00f3mica. La resoluci\u00f3n de esta puja en el Senado marcar\u00e1 el pulso de la gobernabilidad laboral en un a\u00f1o que se perfila como definitivo para las reformas estructurales del pa\u00eds.<\/p>\n","protected":false},"excerpt":{"rendered":"<p>La decisi\u00f3n de postergar el debate de la reforma laboral en el Senado ha abierto un nuevo cap\u00edtulo de confrontaci\u00f3n entre el Gobierno y la Confederaci\u00f3n General del Trabajo (CGT). Ante el freno parlamentario, la c\u00fapula sindical ha anunciado que intensificar\u00e1 su estrategia de presi\u00f3n para introducir modificaciones sustanciales en el proyecto original, al que [&hellip;]<\/p>\n","protected":false},"author":2,"featured_media":15264,"comment_status":"open","ping_status":"open","sticky":false,"template":"","format":"standard","meta":{"footnotes":""},"categories":[26],"tags":[],"class_list":{"0":"post-15275","1":"post","2":"type-post","3":"status-publish","4":"format-standard","5":"has-post-thumbnail","7":"category-nacionales"},"aioseo_notices":[],"_links":{"self":[{"href":"https:\/\/lalupa24.com.ar\/index.php\/wp-json\/wp\/v2\/posts\/15275","targetHints":{"allow":["GET"]}}],"collection":[{"href":"https:\/\/lalupa24.com.ar\/index.php\/wp-json\/wp\/v2\/posts"}],"about":[{"href":"https:\/\/lalupa24.com.ar\/index.php\/wp-json\/wp\/v2\/types\/post"}],"author":[{"embeddable":true,"href":"https:\/\/lalupa24.com.ar\/index.php\/wp-json\/wp\/v2\/users\/2"}],"replies":[{"embeddable":true,"href":"https:\/\/lalupa24.com.ar\/index.php\/wp-json\/wp\/v2\/comments?post=15275"}],"version-history":[{"count":1,"href":"https:\/\/lalupa24.com.ar\/index.php\/wp-json\/wp\/v2\/posts\/15275\/revisions"}],"predecessor-version":[{"id":15276,"href":"https:\/\/lalupa24.com.ar\/index.php\/wp-json\/wp\/v2\/posts\/15275\/revisions\/15276"}],"wp:featuredmedia":[{"embeddable":true,"href":"https:\/\/lalupa24.com.ar\/index.php\/wp-json\/wp\/v2\/media\/15264"}],"wp:attachment":[{"href":"https:\/\/lalupa24.com.ar\/index.php\/wp-json\/wp\/v2\/media?parent=15275"}],"wp:term":[{"taxonomy":"category","embeddable":true,"href":"https:\/\/lalupa24.com.ar\/index.php\/wp-json\/wp\/v2\/categories?post=15275"},{"taxonomy":"post_tag","embeddable":true,"href":"https:\/\/lalupa24.com.ar\/index.php\/wp-json\/wp\/v2\/tags?post=15275"}],"curies":[{"name":"wp","href":"https:\/\/api.w.org\/{rel}","templated":true}]}}