{"id":15277,"date":"2025-12-19T09:24:18","date_gmt":"2025-12-19T12:24:18","guid":{"rendered":"https:\/\/lalupa24.com.ar\/?p=15277"},"modified":"2025-12-19T09:24:19","modified_gmt":"2025-12-19T12:24:19","slug":"el-gobierno-logra-dictamen-para-la-reforma-laboral-en-el-senado-pero-traslada-el-debate-a-febrero","status":"publish","type":"post","link":"https:\/\/lalupa24.com.ar\/index.php\/2025\/12\/19\/el-gobierno-logra-dictamen-para-la-reforma-laboral-en-el-senado-pero-traslada-el-debate-a-febrero\/","title":{"rendered":"EL GOBIERNO LOGRA DICTAMEN PARA LA REFORMA LABORAL EN EL SENADO PERO TRASLADA EL DEBATE A FEBRERO"},"content":{"rendered":"\n<p>En una maniobra que combina pragmatismo pol\u00edtico con estrategia parlamentaria, el oficialismo ha conseguido la firma del dictamen de la reforma laboral en las comisiones del Senado, aunque ha decidido postergar su tratamiento en el recinto hasta el mes de febrero. Esta decisi\u00f3n busca enfriar el clima de confrontaci\u00f3n con los sectores gremiales y asegurar que la votaci\u00f3n definitiva cuente con el respaldo necesario para evitar un rev\u00e9s legislativo. Al obtener el dictamen, el Gobierno deja el proyecto &#8220;listo para el despacho&#8221;, ganando tiempo para seguir negociando los puntos m\u00e1s sensibles con los bloques federales durante el receso estival.<\/p>\n\n\n\n<p>El avance en el trabajo de comisiones fue posible gracias a una serie de concesiones m\u00ednimas en la redacci\u00f3n, relacionadas principalmente con las multas por trabajo no registrado y la figura del trabajador independiente. Seg\u00fan analistas parlamentarios, la Casa Rosada opt\u00f3 por esta v\u00eda para mostrar iniciativa y evitar que el proyecto perdiera estado p\u00fablico o impulso pol\u00edtico. Sin embargo, la decisi\u00f3n de no llevarlo al recinto de manera inmediata revela que el conteo de votos a\u00fan no es lo suficientemente s\u00f3lido como para garantizar una victoria sin sobresaltos.<\/p>\n\n\n\n<p>Desde el Ministerio de Capital Humano y la jefatura de Gabinete se ha defendido la postergaci\u00f3n como un gesto de &#8220;voluntad de di\u00e1logo&#8221; hacia la oposici\u00f3n constructiva. El objetivo del Gobierno es que febrero sea el mes del relanzamiento de las reformas estructurales, utilizando la reforma laboral como la punta de lanza de una agenda legislativa ambiciosa. No obstante, esta demora tambi\u00e9n otorga a los sectores cr\u00edticos un plazo mayor para organizar su resistencia y buscar alianzas que puedan bloquear o modificar sustancialmente el texto en el plenario.<\/p>\n\n\n\n<p>La reacci\u00f3n de las c\u00e1maras empresariales ha sido de cautela; si bien celebran la obtenci\u00f3n del dictamen, manifiestan preocupaci\u00f3n por la demora en la implementaci\u00f3n de medidas que consideran urgentes para la competitividad. Por otro lado, los sectores m\u00e1s duros del sindicalismo interpretan la postergaci\u00f3n como una debilidad del oficialismo y prometen mantener el estado de alerta. El contexto de enero, tradicionalmente m\u00e1s calmo en lo pol\u00edtico, ser\u00e1 utilizado por el Gobierno para realizar gestiones individuales con senadores clave de provincias que dependen de la asistencia financiera nacional.<\/p>\n\n\n\n<p>En t\u00e9rminos de procedimiento, el dictamen firmado mantiene la estructura central de la reforma, incluyendo la creaci\u00f3n de fondos de cese laboral opcionales y la extensi\u00f3n del per\u00edodo de prueba. Estos puntos siguen siendo el eje del conflicto y ser\u00e1n los que definan la suerte de la ley en febrero. La estrategia del oficialismo de &#8220;estirar&#8221; los tiempos legislativos es una apuesta arriesgada: podr\u00eda permitirle consolidar las mayor\u00edas necesarias, pero tambi\u00e9n corre el riesgo de que el clima social se deteriore y complique la votaci\u00f3n final.<\/p>\n\n\n\n<p>El cierre del a\u00f1o legislativo con un dictamen favorable permite al Gobierno finalizar el ciclo con una sensaci\u00f3n de avance, a pesar de no haber concretado la sanci\u00f3n. El impacto real de esta reforma se ver\u00e1 supeditado a la capacidad de negociaci\u00f3n que demuestre el Poder Ejecutivo en las pr\u00f3ximas semanas. El mes de febrero se perfila ahora como la primera gran prueba de fuego del a\u00f1o electoral, donde la reforma laboral determinar\u00e1 si el Gobierno puede mantener la iniciativa o si debe ceder ante la presi\u00f3n de los actores tradicionales del poder en Argentina.<\/p>\n","protected":false},"excerpt":{"rendered":"<p>En una maniobra que combina pragmatismo pol\u00edtico con estrategia parlamentaria, el oficialismo ha conseguido la firma del dictamen de la reforma laboral en las comisiones del Senado, aunque ha decidido postergar su tratamiento en el recinto hasta el mes de febrero. Esta decisi\u00f3n busca enfriar el clima de confrontaci\u00f3n con los sectores gremiales y asegurar [&hellip;]<\/p>\n","protected":false},"author":2,"featured_media":15265,"comment_status":"open","ping_status":"open","sticky":false,"template":"","format":"standard","meta":{"footnotes":""},"categories":[26],"tags":[],"class_list":{"0":"post-15277","1":"post","2":"type-post","3":"status-publish","4":"format-standard","5":"has-post-thumbnail","7":"category-nacionales"},"aioseo_notices":[],"_links":{"self":[{"href":"https:\/\/lalupa24.com.ar\/index.php\/wp-json\/wp\/v2\/posts\/15277","targetHints":{"allow":["GET"]}}],"collection":[{"href":"https:\/\/lalupa24.com.ar\/index.php\/wp-json\/wp\/v2\/posts"}],"about":[{"href":"https:\/\/lalupa24.com.ar\/index.php\/wp-json\/wp\/v2\/types\/post"}],"author":[{"embeddable":true,"href":"https:\/\/lalupa24.com.ar\/index.php\/wp-json\/wp\/v2\/users\/2"}],"replies":[{"embeddable":true,"href":"https:\/\/lalupa24.com.ar\/index.php\/wp-json\/wp\/v2\/comments?post=15277"}],"version-history":[{"count":1,"href":"https:\/\/lalupa24.com.ar\/index.php\/wp-json\/wp\/v2\/posts\/15277\/revisions"}],"predecessor-version":[{"id":15278,"href":"https:\/\/lalupa24.com.ar\/index.php\/wp-json\/wp\/v2\/posts\/15277\/revisions\/15278"}],"wp:featuredmedia":[{"embeddable":true,"href":"https:\/\/lalupa24.com.ar\/index.php\/wp-json\/wp\/v2\/media\/15265"}],"wp:attachment":[{"href":"https:\/\/lalupa24.com.ar\/index.php\/wp-json\/wp\/v2\/media?parent=15277"}],"wp:term":[{"taxonomy":"category","embeddable":true,"href":"https:\/\/lalupa24.com.ar\/index.php\/wp-json\/wp\/v2\/categories?post=15277"},{"taxonomy":"post_tag","embeddable":true,"href":"https:\/\/lalupa24.com.ar\/index.php\/wp-json\/wp\/v2\/tags?post=15277"}],"curies":[{"name":"wp","href":"https:\/\/api.w.org\/{rel}","templated":true}]}}