{"id":15279,"date":"2025-12-19T09:25:23","date_gmt":"2025-12-19T12:25:23","guid":{"rendered":"https:\/\/lalupa24.com.ar\/?p=15279"},"modified":"2025-12-19T09:25:24","modified_gmt":"2025-12-19T12:25:24","slug":"avance-clave-para-la-actividad-minera-la-ley-de-glaciares-obtiene-dictamen-favorable-en-el-senado","status":"publish","type":"post","link":"https:\/\/lalupa24.com.ar\/index.php\/2025\/12\/19\/avance-clave-para-la-actividad-minera-la-ley-de-glaciares-obtiene-dictamen-favorable-en-el-senado\/","title":{"rendered":"AVANCE CLAVE PARA LA ACTIVIDAD MINERA: LA LEY DE GLACIARES OBTIENE DICTAMEN FAVORABLE EN EL SENADO"},"content":{"rendered":"\n<p>En un movimiento legislativo de alto impacto para las econom\u00edas regionales y el sector extractivo, el proyecto de reforma de la Ley de Glaciares logr\u00f3 este jueves el dictamen de mayor\u00eda en las comisiones de Miner\u00eda, Energ\u00eda y Combustibles y de Ambiente del Senado. La iniciativa, que forma parte del temario de sesiones extraordinarias convocado por el Poder Ejecutivo, busca flexibilizar la normativa vigente para permitir el desarrollo de proyectos productivos en \u00e1reas que hoy se encuentran bajo estricta protecci\u00f3n ambiental.<\/p>\n\n\n\n<p>El eje central de la reforma reside en otorgar a las provincias la potestad de determinar qu\u00e9 glaciares deben ser protegidos y cu\u00e1les no, bas\u00e1ndose en si constituyen o no una &#8220;reserva estrat\u00e9gica de agua&#8221;. Durante el debate, la Oficina del Presidente enfatiz\u00f3 que la actual legislaci\u00f3n paraliza el ejercicio de las competencias provinciales sobre sus propios recursos naturales. De sancionarse, este cambio normativo romper\u00eda con la protecci\u00f3n absoluta que rige actualmente tanto para glaciares como para el ambiente periglacial.<\/p>\n\n\n\n<p>La sesi\u00f3n cont\u00f3 con la presencia de los gobernadores de San Juan, Manuel Orrego, y de Catamarca, Ra\u00fal Jalil, quienes defendieron la medida como un motor indispensable para el empleo y la inversi\u00f3n. Orrego subray\u00f3 la necesidad de un marco que no detenga la miner\u00eda responsable, mientras que Jalil destac\u00f3 que solo en su provincia la actividad genera miles de puestos de trabajo directos. Desde el sector empresarial, la C\u00e1mara Argentina de Empresarios Mineros (CAEM) respald\u00f3 la adecuaci\u00f3n normativa para &#8220;reducir incertidumbres&#8221; que frenan inversiones internacionales de largo plazo.<\/p>\n\n\n\n<p>En la vereda opuesta, cient\u00edficos y organizaciones ambientalistas manifestaron su rechazo absoluto, calificando el proceso como un &#8220;tratamiento expr\u00e9s&#8221; que pone en riesgo el ecosistema. Pablo Villagra, representante del IANIGLA, defendi\u00f3 el Inventario Nacional de Glaciares y advirti\u00f3 sobre la falta de rigurosidad en los nuevos criterios propuestos. Por su parte, la Fundaci\u00f3n Ambiente y Recursos Naturales (FARN) y Greenpeace alertaron que la reforma es &#8220;inconstitucional&#8221; y que desprotege reservas h\u00eddricas vitales en un contexto de crisis clim\u00e1tica global.<\/p>\n\n\n\n<p>El oficialismo ha demostrado una notable celeridad en la gesti\u00f3n de este expediente, logrando el dictamen apenas d\u00edas despu\u00e9s de haber enviado el proyecto al Congreso el pasado 15 de diciembre. Esta premura responde a la estrategia de la mesa pol\u00edtica del Gobierno de consolidar reformas estructurales antes del cierre del a\u00f1o legislativo. No obstante, la postergaci\u00f3n del debate en el recinto hasta el 10 de febrero de 2026 sugiere que a\u00fan resta un tramo de negociaci\u00f3n pol\u00edtica para asegurar los votos necesarios en una c\u00e1mara alta tradicionalmente fragmentada.<\/p>\n\n\n\n<p>El futuro de la ley depender\u00e1 ahora de la capacidad de los gobernadores aliados para alinear a sus senadores frente a la presi\u00f3n de los movimientos sociales y ambientales. El impacto de esta decisi\u00f3n no es menor:<\/p>\n","protected":false},"excerpt":{"rendered":"<p>En un movimiento legislativo de alto impacto para las econom\u00edas regionales y el sector extractivo, el proyecto de reforma de la Ley de Glaciares logr\u00f3 este jueves el dictamen de mayor\u00eda en las comisiones de Miner\u00eda, Energ\u00eda y Combustibles y de Ambiente del Senado. La iniciativa, que forma parte del temario de sesiones extraordinarias convocado [&hellip;]<\/p>\n","protected":false},"author":2,"featured_media":15266,"comment_status":"open","ping_status":"open","sticky":false,"template":"","format":"standard","meta":{"footnotes":""},"categories":[26],"tags":[],"class_list":{"0":"post-15279","1":"post","2":"type-post","3":"status-publish","4":"format-standard","5":"has-post-thumbnail","7":"category-nacionales"},"aioseo_notices":[],"_links":{"self":[{"href":"https:\/\/lalupa24.com.ar\/index.php\/wp-json\/wp\/v2\/posts\/15279","targetHints":{"allow":["GET"]}}],"collection":[{"href":"https:\/\/lalupa24.com.ar\/index.php\/wp-json\/wp\/v2\/posts"}],"about":[{"href":"https:\/\/lalupa24.com.ar\/index.php\/wp-json\/wp\/v2\/types\/post"}],"author":[{"embeddable":true,"href":"https:\/\/lalupa24.com.ar\/index.php\/wp-json\/wp\/v2\/users\/2"}],"replies":[{"embeddable":true,"href":"https:\/\/lalupa24.com.ar\/index.php\/wp-json\/wp\/v2\/comments?post=15279"}],"version-history":[{"count":1,"href":"https:\/\/lalupa24.com.ar\/index.php\/wp-json\/wp\/v2\/posts\/15279\/revisions"}],"predecessor-version":[{"id":15280,"href":"https:\/\/lalupa24.com.ar\/index.php\/wp-json\/wp\/v2\/posts\/15279\/revisions\/15280"}],"wp:featuredmedia":[{"embeddable":true,"href":"https:\/\/lalupa24.com.ar\/index.php\/wp-json\/wp\/v2\/media\/15266"}],"wp:attachment":[{"href":"https:\/\/lalupa24.com.ar\/index.php\/wp-json\/wp\/v2\/media?parent=15279"}],"wp:term":[{"taxonomy":"category","embeddable":true,"href":"https:\/\/lalupa24.com.ar\/index.php\/wp-json\/wp\/v2\/categories?post=15279"},{"taxonomy":"post_tag","embeddable":true,"href":"https:\/\/lalupa24.com.ar\/index.php\/wp-json\/wp\/v2\/tags?post=15279"}],"curies":[{"name":"wp","href":"https:\/\/api.w.org\/{rel}","templated":true}]}}