{"id":15283,"date":"2025-12-19T09:26:28","date_gmt":"2025-12-19T12:26:28","guid":{"rendered":"https:\/\/lalupa24.com.ar\/?p=15283"},"modified":"2025-12-19T09:26:29","modified_gmt":"2025-12-19T12:26:29","slug":"tras-el-traspie-legislativo-el-gobierno-reconfigura-su-estrategia-y-pospone-la-reforma-laboral-para-febrero","status":"publish","type":"post","link":"https:\/\/lalupa24.com.ar\/index.php\/2025\/12\/19\/tras-el-traspie-legislativo-el-gobierno-reconfigura-su-estrategia-y-pospone-la-reforma-laboral-para-febrero\/","title":{"rendered":"TRAS EL TRASPI\u00c9 LEGISLATIVO, EL GOBIERNO RECONFIGURA SU ESTRATEGIA Y POSPONE LA REFORMA LABORAL PARA FEBRERO"},"content":{"rendered":"\n<p>Tras una semana de intensos debates y resultados mixtos en el Congreso, el Poder Ejecutivo ha iniciado un proceso de revisi\u00f3n interna para ajustar su agenda pol\u00edtica de cara al inicio de 2026. La reciente sesi\u00f3n en la C\u00e1mara de Diputados, donde el oficialismo sufri\u00f3 el rechazo de cap\u00edtulos clave referidos a universidades y discapacidad, oblig\u00f3 a la mesa chica de la Casa Rosada a reordenar las prioridades. En este contexto, se ha decidido postergar el tratamiento de la reforma laboral para el 10 de febrero, buscando un espacio de mayor consenso con los sectores aliados y sindicales.<\/p>\n\n\n\n<p>La reuni\u00f3n de coordinaci\u00f3n, encabezada por el jefe de Gabinete y los principales ministros, analiz\u00f3 las fallas en la negociaci\u00f3n con los gobernadores provinciales. A pesar de haber distribuido fondos millonarios en concepto de Aportes del Tesoro Nacional (ATN), el oficialismo se encontr\u00f3 con abstenciones y votos en contra de mandatarios considerados aliados, como los de Mendoza, Chaco y Entre R\u00edos. Esta situaci\u00f3n ha generado un clima de reproches internos y la necesidad de &#8220;afinar la punter\u00eda&#8221; en la comunicaci\u00f3n legislativa para evitar futuros bloqueos en temas cr\u00edticos para la gesti\u00f3n.<\/p>\n\n\n\n<p>En cuanto a la reforma laboral, denominada por el Gobierno como &#8220;modernizaci\u00f3n&#8221;, el retraso responde a la intenci\u00f3n de &#8220;mejorar la redacci\u00f3n&#8221; de ciertos art\u00edculos que han generado fuerte resistencia en la Confederaci\u00f3n General del Trabajo (CGT). Fuentes de la Casa Rosada admiten que est\u00e1n abiertos a escuchar sugerencias, siempre y cuando no se altere el objetivo principal de facilitar la generaci\u00f3n de empleo privado. La ministra de Seguridad y referente legislativa del espacio, Patricia Bullrich, confirm\u00f3 que este tiempo adicional servir\u00e1 para consolidar un instrumento jur\u00eddico m\u00e1s robusto.<\/p>\n\n\n\n<p>Paralelamente, el Gobierno mantiene su foco en la &#8220;Ley de Inocencia Fiscal&#8221;, a la que consideran la pieza legislativa m\u00e1s importante de la actual administraci\u00f3n. El plan actual consiste en lograr el dictamen en el Senado antes de Navidad para tratarla conjuntamente con el Presupuesto 2026 el 26 de diciembre. La estrategia oficial busca cerrar el a\u00f1o con la hoja de ruta econ\u00f3mica aprobada, para luego concentrar todo el capital pol\u00edtico en las reformas estructurales del mercado de trabajo durante el per\u00edodo estival de sesiones extraordinarias.<\/p>\n\n\n\n<p>El malestar del PRO, socio estrat\u00e9gico en el parlamento, tambi\u00e9n forma parte de la agenda de revisi\u00f3n. Las acusaciones de violaci\u00f3n constitucional por el nombramiento de integrantes en la Auditor\u00eda General de la Naci\u00f3n (AGN) han tensado la cuerda con el bloque que lidera Cristian Ritondo. Desde La Libertad Avanza entienden que deben reconstruir los puentes de confianza con sus socios para asegurar la gobernabilidad, especialmente en un escenario donde la oposici\u00f3n busca capitalizar cualquier s\u00edntoma de debilidad interna del oficialismo.<\/p>\n\n\n\n<p>El panorama para los primeros meses de 2026 se perfila como un desaf\u00edo de alta intensidad pol\u00edtica. La administraci\u00f3n de Javier Milei deber\u00e1 demostrar capacidad de resiliencia y flexibilidad para transformar los traspi\u00e9s legislativos en victorias parlamentarias. La proyecci\u00f3n futura depender\u00e1 de si el Gobierno logra equilibrar su intransigencia fiscal con la pragm\u00e1tica necesaria para aprobar leyes en un Congreso donde, a pesar de sus avances, a\u00fan no cuenta con una mayor\u00eda propia autom\u00e1tica.<\/p>\n","protected":false},"excerpt":{"rendered":"<p>Tras una semana de intensos debates y resultados mixtos en el Congreso, el Poder Ejecutivo ha iniciado un proceso de revisi\u00f3n interna para ajustar su agenda pol\u00edtica de cara al inicio de 2026. La reciente sesi\u00f3n en la C\u00e1mara de Diputados, donde el oficialismo sufri\u00f3 el rechazo de cap\u00edtulos clave referidos a universidades y discapacidad, [&hellip;]<\/p>\n","protected":false},"author":2,"featured_media":15268,"comment_status":"open","ping_status":"open","sticky":false,"template":"","format":"standard","meta":{"footnotes":""},"categories":[26],"tags":[],"class_list":{"0":"post-15283","1":"post","2":"type-post","3":"status-publish","4":"format-standard","5":"has-post-thumbnail","7":"category-nacionales"},"aioseo_notices":[],"_links":{"self":[{"href":"https:\/\/lalupa24.com.ar\/index.php\/wp-json\/wp\/v2\/posts\/15283","targetHints":{"allow":["GET"]}}],"collection":[{"href":"https:\/\/lalupa24.com.ar\/index.php\/wp-json\/wp\/v2\/posts"}],"about":[{"href":"https:\/\/lalupa24.com.ar\/index.php\/wp-json\/wp\/v2\/types\/post"}],"author":[{"embeddable":true,"href":"https:\/\/lalupa24.com.ar\/index.php\/wp-json\/wp\/v2\/users\/2"}],"replies":[{"embeddable":true,"href":"https:\/\/lalupa24.com.ar\/index.php\/wp-json\/wp\/v2\/comments?post=15283"}],"version-history":[{"count":1,"href":"https:\/\/lalupa24.com.ar\/index.php\/wp-json\/wp\/v2\/posts\/15283\/revisions"}],"predecessor-version":[{"id":15284,"href":"https:\/\/lalupa24.com.ar\/index.php\/wp-json\/wp\/v2\/posts\/15283\/revisions\/15284"}],"wp:featuredmedia":[{"embeddable":true,"href":"https:\/\/lalupa24.com.ar\/index.php\/wp-json\/wp\/v2\/media\/15268"}],"wp:attachment":[{"href":"https:\/\/lalupa24.com.ar\/index.php\/wp-json\/wp\/v2\/media?parent=15283"}],"wp:term":[{"taxonomy":"category","embeddable":true,"href":"https:\/\/lalupa24.com.ar\/index.php\/wp-json\/wp\/v2\/categories?post=15283"},{"taxonomy":"post_tag","embeddable":true,"href":"https:\/\/lalupa24.com.ar\/index.php\/wp-json\/wp\/v2\/tags?post=15283"}],"curies":[{"name":"wp","href":"https:\/\/api.w.org\/{rel}","templated":true}]}}