{"id":15285,"date":"2025-12-19T09:27:04","date_gmt":"2025-12-19T12:27:04","guid":{"rendered":"https:\/\/lalupa24.com.ar\/?p=15285"},"modified":"2025-12-19T09:27:05","modified_gmt":"2025-12-19T12:27:05","slug":"incertidumbre-en-estambul-mauro-icardi-en-la-mira-de-la-roma-para-un-regreso-triunfal-a-la-serie-a","status":"publish","type":"post","link":"https:\/\/lalupa24.com.ar\/index.php\/2025\/12\/19\/incertidumbre-en-estambul-mauro-icardi-en-la-mira-de-la-roma-para-un-regreso-triunfal-a-la-serie-a\/","title":{"rendered":"INCERTIDUMBRE EN ESTAMBUL: MAURO ICARDI EN LA MIRA DE LA ROMA PARA UN REGRESO TRIUNFAL A LA SERIE A"},"content":{"rendered":"\n<p>El mercado de pases europeo se ve sacudido por la posible salida de Mauro Icardi del Galatasaray, club donde el delantero argentino ha forjado una etapa de \u00e9xitos y goles. Ante la demora del conjunto turco en presentar una propuesta de renovaci\u00f3n para el contrato que vence en junio de 2026, los representantes del rosarino han comenzado a explorar nuevos horizontes. La Roma aparece como el destino m\u00e1s s\u00f3lido para el atacante de 32 a\u00f1os, quien ya cuenta con un pasado glorioso en el f\u00fatbol italiano y busca relanzar su carrera en una liga que conoce a la perfecci\u00f3n.<\/p>\n\n\n\n<p>La direcci\u00f3n deportiva del club romano, actualmente bajo la gesti\u00f3n de Frederic Massara, ha incluido a Icardi en su lista de prioridades para el mercado invernal de enero. La necesidad de la Roma de reforzar su frente de ataque es evidente, y el perfil del ex capit\u00e1n del Inter encaja con las pretensiones del cuerpo t\u00e9cnico. Seg\u00fan reportes de la prensa especializada europea, ya se habr\u00edan producido los primeros contactos formales para evaluar las condiciones de un traspaso que marcar\u00eda el fin de una era en Turqu\u00eda.<\/p>\n\n\n\n<p>Icardi, quien recientemente regres\u00f3 a la actividad tras una compleja lesi\u00f3n de ligamentos, ha demostrado que su instinto goleador permanece intacto, acumulando ocho goles en la presente temporada. Sin embargo, la fuerte competencia interna en el Galatasaray, con figuras como Victor Osimhen, ha reducido sus minutos en cancha. Un regreso a Italia le permitir\u00eda compartir vestuario con su compatriota Mat\u00edas Soul\u00e9 y sumarse a un proyecto que busca posicionarse nuevamente en los puestos de vanguardia de la Serie A, competici\u00f3n donde Icardi anot\u00f3 m\u00e1s de 120 tantos.<\/p>\n\n\n\n<p>El principal escollo para concretar la operaci\u00f3n radica en el aspecto econ\u00f3mico. Actualmente, el delantero percibe un salario cercano a los seis millones de euros anuales en Estambul, una cifra que la Roma no estar\u00eda dispuesta a igualar de forma directa. No obstante, el deseo del jugador por volver a la \u00e9lite competitiva de Italia podr\u00eda facilitar una rebaja salarial o un esquema de incentivos por objetivos. Otros clubes como el Como de Cesc F\u00e0bregas y equipos de la liga espa\u00f1ola tambi\u00e9n han mostrado inter\u00e9s, aunque la opci\u00f3n de la capital italiana es la que m\u00e1s seduce al entorno del futbolista.<\/p>\n\n\n\n<p>Desde la dirigencia del Galatasaray, el secretario general Eray Yazgan ha intentado calmar las aguas, calificando a Icardi como un &#8220;jugador valioso y capit\u00e1n ejemplar&#8221;. Sin embargo, el lenguaje corporal del club y la falta de una oferta de extensi\u00f3n contractual sugieren que la relaci\u00f3n profesional podr\u00eda estar llegando a su t\u00e9rmino. En Turqu\u00eda, medios locales como Hurriyet ya especulan con que el ciclo del argentino, que incluye cinco t\u00edtulos y decenas de goles, ha cumplido su objetivo y es momento de una renovaci\u00f3n en la plantilla.<\/p>\n\n\n\n<p>El desenlace de esta historia se conocer\u00e1 en las primeras semanas de enero. Para Icardi, un movimiento a la Roma no solo representar\u00eda un desaf\u00edo profesional de primer nivel, sino tambi\u00e9n una oportunidad de estabilidad personal en un entorno familiar para \u00e9l. El f\u00fatbol europeo aguarda con expectativa el destino final de uno de los delanteros m\u00e1s determinantes de la \u00faltima d\u00e9cada, cuyo nombre sigue siendo sin\u00f3nimo de jerarqu\u00eda en el \u00e1rea rival.<\/p>\n","protected":false},"excerpt":{"rendered":"<p>El mercado de pases europeo se ve sacudido por la posible salida de Mauro Icardi del Galatasaray, club donde el delantero argentino ha forjado una etapa de \u00e9xitos y goles. Ante la demora del conjunto turco en presentar una propuesta de renovaci\u00f3n para el contrato que vence en junio de 2026, los representantes del rosarino [&hellip;]<\/p>\n","protected":false},"author":2,"featured_media":15269,"comment_status":"open","ping_status":"open","sticky":false,"template":"","format":"standard","meta":{"footnotes":""},"categories":[100],"tags":[],"class_list":{"0":"post-15285","1":"post","2":"type-post","3":"status-publish","4":"format-standard","5":"has-post-thumbnail","7":"category-deportes"},"aioseo_notices":[],"_links":{"self":[{"href":"https:\/\/lalupa24.com.ar\/index.php\/wp-json\/wp\/v2\/posts\/15285","targetHints":{"allow":["GET"]}}],"collection":[{"href":"https:\/\/lalupa24.com.ar\/index.php\/wp-json\/wp\/v2\/posts"}],"about":[{"href":"https:\/\/lalupa24.com.ar\/index.php\/wp-json\/wp\/v2\/types\/post"}],"author":[{"embeddable":true,"href":"https:\/\/lalupa24.com.ar\/index.php\/wp-json\/wp\/v2\/users\/2"}],"replies":[{"embeddable":true,"href":"https:\/\/lalupa24.com.ar\/index.php\/wp-json\/wp\/v2\/comments?post=15285"}],"version-history":[{"count":1,"href":"https:\/\/lalupa24.com.ar\/index.php\/wp-json\/wp\/v2\/posts\/15285\/revisions"}],"predecessor-version":[{"id":15286,"href":"https:\/\/lalupa24.com.ar\/index.php\/wp-json\/wp\/v2\/posts\/15285\/revisions\/15286"}],"wp:featuredmedia":[{"embeddable":true,"href":"https:\/\/lalupa24.com.ar\/index.php\/wp-json\/wp\/v2\/media\/15269"}],"wp:attachment":[{"href":"https:\/\/lalupa24.com.ar\/index.php\/wp-json\/wp\/v2\/media?parent=15285"}],"wp:term":[{"taxonomy":"category","embeddable":true,"href":"https:\/\/lalupa24.com.ar\/index.php\/wp-json\/wp\/v2\/categories?post=15285"},{"taxonomy":"post_tag","embeddable":true,"href":"https:\/\/lalupa24.com.ar\/index.php\/wp-json\/wp\/v2\/tags?post=15285"}],"curies":[{"name":"wp","href":"https:\/\/api.w.org\/{rel}","templated":true}]}}