{"id":15297,"date":"2025-12-19T09:32:40","date_gmt":"2025-12-19T12:32:40","guid":{"rendered":"https:\/\/lalupa24.com.ar\/?p=15297"},"modified":"2025-12-19T09:32:41","modified_gmt":"2025-12-19T12:32:41","slug":"crisis-en-el-sector-automotriz-las-ventas-financiadas-registran-su-nivel-mas-bajo-en-lo-que-va-de-2025","status":"publish","type":"post","link":"https:\/\/lalupa24.com.ar\/index.php\/2025\/12\/19\/crisis-en-el-sector-automotriz-las-ventas-financiadas-registran-su-nivel-mas-bajo-en-lo-que-va-de-2025\/","title":{"rendered":"CRISIS EN EL SECTOR AUTOMOTRIZ: LAS VENTAS FINANCIADAS REGISTRAN SU NIVEL M\u00c1S BAJO EN LO QUE VA DE 2025"},"content":{"rendered":"\n<p>El mercado automotor argentino enfrenta un escenario cr\u00edtico tras conocerse que las ventas financiadas de veh\u00edculos 0 km sufrieron una ca\u00edda del 33% durante el mes de noviembre. Este desplome representa el punto m\u00e1s bajo de actividad crediticia para el sector en todo el a\u00f1o 2025, evidenciando una retracci\u00f3n significativa en la capacidad de acceso al consumo de bienes durables. La combinaci\u00f3n de tasas de inter\u00e9s a\u00fan elevadas en ciertos segmentos y la erosi\u00f3n del poder adquisitivo han configurado un &#8220;cuello de botella&#8221; para las concesionarias y las terminales locales.<\/p>\n\n\n\n<p>De acuerdo con datos proporcionados por c\u00e1maras sectoriales y entidades de registro automotor, la ca\u00edda no solo afecta a los planes de ahorro, tradicionalmente el motor de las ventas en el pa\u00eds, sino tambi\u00e9n a los cr\u00e9ditos prendarios bancarios. El informe destaca que el costo financiero total y la incertidumbre econ\u00f3mica han llevado a los potenciales compradores a postergar decisiones de inversi\u00f3n de largo plazo. Este fen\u00f3meno se traduce en una acumulaci\u00f3n de stock en los salones de venta que las bonificaciones temporales no han logrado revertir.<\/p>\n\n\n\n<p>Analistas econ\u00f3micos se\u00f1alan que la baja del 33% es un s\u00edntoma de un reajuste forzado en el consumo de la clase media. A pesar de los esfuerzos de algunas marcas por ofrecer tasa cero en modelos espec\u00edficos de producci\u00f3n nacional, el volumen general de operaciones no alcanza los niveles proyectados a inicios de a\u00f1o. La brecha entre el incremento de los precios de los veh\u00edculos y la evoluci\u00f3n salarial sigue siendo el principal obst\u00e1culo para que el financiamiento sea una herramienta viable para el grueso de la poblaci\u00f3n.<\/p>\n\n\n\n<p>El impacto se siente con especial fuerza en la cadena de valor automotriz, que incluye desde autopartistas hasta servicios financieros asociados. Seg\u00fan expertos del sector, si esta tendencia de baja en las ventas financiadas se extiende al primer trimestre de 2026, las terminales podr\u00edan verse obligadas a revisar sus planes de producci\u00f3n y esquemas de turnos de trabajo. La ca\u00edda de noviembre es particularmente alarmante dado que suele ser un mes de transici\u00f3n hacia la temporada de mayor demanda que representa el inicio de un nuevo a\u00f1o calendario.<\/p>\n\n\n\n<p>Por otro lado, el mercado de autos usados tambi\u00e9n refleja esta par\u00e1lisis, ya que muchas operaciones de renovaci\u00f3n de unidad dependen del financiamiento del remanente para el 0 km. Al caer el cr\u00e9dito para unidades nuevas, se genera un efecto domin\u00f3 que ralentiza todo el ecosistema registral. Las entidades financieras, ante la volatilidad, han endurecido los requisitos de calificaci\u00f3n crediticia, dejando fuera del sistema a una porci\u00f3n considerable de trabajadores aut\u00f3nomos y peque\u00f1os comerciantes.<\/p>\n\n\n\n<p>La proyecci\u00f3n para el cierre de a\u00f1o es de cautela extrema. El gobierno y las c\u00e1maras empresariales mantienen conversaciones para buscar incentivos que dinamicen el cr\u00e9dito, aunque la prioridad de la pol\u00edtica macroecon\u00f3mica actual limita el margen para subsidios directos a las tasas. El futuro del sector depender\u00e1 de una estabilizaci\u00f3n m\u00e1s profunda de las variables financieras y de una recuperaci\u00f3n real de los ingresos que permita a las familias argentinas retomar el compromiso de un cr\u00e9dito prendario a mediano plazo.<\/p>\n","protected":false},"excerpt":{"rendered":"<p>El mercado automotor argentino enfrenta un escenario cr\u00edtico tras conocerse que las ventas financiadas de veh\u00edculos 0 km sufrieron una ca\u00edda del 33% durante el mes de noviembre. Este desplome representa el punto m\u00e1s bajo de actividad crediticia para el sector en todo el a\u00f1o 2025, evidenciando una retracci\u00f3n significativa en la capacidad de acceso [&hellip;]<\/p>\n","protected":false},"author":2,"featured_media":15294,"comment_status":"open","ping_status":"open","sticky":false,"template":"","format":"standard","meta":{"footnotes":""},"categories":[24],"tags":[],"class_list":{"0":"post-15297","1":"post","2":"type-post","3":"status-publish","4":"format-standard","5":"has-post-thumbnail","7":"category-economia"},"aioseo_notices":[],"_links":{"self":[{"href":"https:\/\/lalupa24.com.ar\/index.php\/wp-json\/wp\/v2\/posts\/15297","targetHints":{"allow":["GET"]}}],"collection":[{"href":"https:\/\/lalupa24.com.ar\/index.php\/wp-json\/wp\/v2\/posts"}],"about":[{"href":"https:\/\/lalupa24.com.ar\/index.php\/wp-json\/wp\/v2\/types\/post"}],"author":[{"embeddable":true,"href":"https:\/\/lalupa24.com.ar\/index.php\/wp-json\/wp\/v2\/users\/2"}],"replies":[{"embeddable":true,"href":"https:\/\/lalupa24.com.ar\/index.php\/wp-json\/wp\/v2\/comments?post=15297"}],"version-history":[{"count":1,"href":"https:\/\/lalupa24.com.ar\/index.php\/wp-json\/wp\/v2\/posts\/15297\/revisions"}],"predecessor-version":[{"id":15298,"href":"https:\/\/lalupa24.com.ar\/index.php\/wp-json\/wp\/v2\/posts\/15297\/revisions\/15298"}],"wp:featuredmedia":[{"embeddable":true,"href":"https:\/\/lalupa24.com.ar\/index.php\/wp-json\/wp\/v2\/media\/15294"}],"wp:attachment":[{"href":"https:\/\/lalupa24.com.ar\/index.php\/wp-json\/wp\/v2\/media?parent=15297"}],"wp:term":[{"taxonomy":"category","embeddable":true,"href":"https:\/\/lalupa24.com.ar\/index.php\/wp-json\/wp\/v2\/categories?post=15297"},{"taxonomy":"post_tag","embeddable":true,"href":"https:\/\/lalupa24.com.ar\/index.php\/wp-json\/wp\/v2\/tags?post=15297"}],"curies":[{"name":"wp","href":"https:\/\/api.w.org\/{rel}","templated":true}]}}