{"id":15299,"date":"2025-12-19T09:33:10","date_gmt":"2025-12-19T12:33:10","guid":{"rendered":"https:\/\/lalupa24.com.ar\/?p=15299"},"modified":"2025-12-19T09:33:11","modified_gmt":"2025-12-19T12:33:11","slug":"ruptura-en-el-bloque-aliado-crece-la-tension-entre-el-pro-y-la-libertad-avanza-por-cargos-estrategicos","status":"publish","type":"post","link":"https:\/\/lalupa24.com.ar\/index.php\/2025\/12\/19\/ruptura-en-el-bloque-aliado-crece-la-tension-entre-el-pro-y-la-libertad-avanza-por-cargos-estrategicos\/","title":{"rendered":"RUPTURA EN EL BLOQUE ALIADO: CRECE LA TENSI\u00d3N ENTRE EL PRO Y LA LIBERTAD AVANZA POR CARGOS ESTRAT\u00c9GICOS"},"content":{"rendered":"\n<p>La alianza t\u00e1ctica entre el PRO y La Libertad Avanza atraviesa su momento m\u00e1s delicado tras la reciente designaci\u00f3n de autoridades en la Auditor\u00eda General de la Naci\u00f3n (AGN). Lo que comenz\u00f3 como un acompa\u00f1amiento legislativo program\u00e1tico se ha transformado en un escenario de desconfianza y acusaciones cruzadas de traici\u00f3n pol\u00edtica. Desde las filas del partido fundado por Mauricio Macri, el malestar es palpable, asegurando que la &#8220;relaci\u00f3n est\u00e1 rota&#8221; debido a lo que consideran una falta de cumplimiento en los acuerdos de gobernabilidad y reparto de espacios de control.<\/p>\n\n\n\n<p>El conflicto escal\u00f3 tras confirmarse que las designaciones en la AGN no contemplaron los nombres propuestos por el PRO, priorizando en cambio acuerdos que el oficialismo habr\u00eda tejido con otros sectores de la oposici\u00f3n, incluyendo sectores del peronismo dialoguista. Para el macrismo, este movimiento representa un desconocimiento de su rol como socio principal en el Congreso y una se\u00f1al de que el Poder Ejecutivo prefiere la atomizaci\u00f3n legislativa antes que consolidar una coalici\u00f3n s\u00f3lida y previsible.<\/p>\n\n\n\n<p>Fuentes cercanas a la conducci\u00f3n del PRO califican el accionar de La Libertad Avanza como &#8220;unilateral&#8221; y advierten que esto tendr\u00e1 consecuencias inmediatas en el tratamiento de futuras leyes clave. El enojo radica en que el PRO ha brindado el soporte t\u00e9cnico y los votos necesarios para las iniciativas m\u00e1s ambiciosas del gobierno, esperando a cambio una participaci\u00f3n institucional en los organismos de control que, por peso parlamentario, consideran propia. &#8220;Nos piden los votos para las leyes, pero pactan con el pasado para las cajas y el control&#8221;, se\u00f1alaron voceros del bloque.<\/p>\n\n\n\n<p>Desde el entorno presidencial, la respuesta ha sido de una pragm\u00e1tica frialdad, argumentando que las designaciones responden a la necesidad de construir mayor\u00edas circunstanciales para garantizar la operatividad del Estado. Sin embargo, analistas pol\u00edticos sugieren que esta estrategia de &#8220;divide y reinar\u00e1s&#8221; podr\u00eda ser contraproducente a largo plazo. Sin el apoyo org\u00e1nico del PRO, el oficialismo queda expuesto a derrotas legislativas o a una dependencia extrema de sectores cuya lealtad es mucho m\u00e1s costosa y vol\u00e1til.<\/p>\n\n\n\n<p>La tensi\u00f3n tambi\u00e9n se traslada al plano electoral. Con las elecciones de medio t\u00e9rmino en el horizonte, la posibilidad de una lista unificada parece hoy m\u00e1s lejana que nunca. La dirigencia del PRO, presionada por sus bases y por su propia identidad partidaria, comienza a plantear una estrategia de &#8220;diferenciaci\u00f3n necesaria&#8221;, buscando recuperar el perfil de centro-derecha institucionalista frente al estilo confrontativo y personalista que le achacan a la gesti\u00f3n libertaria en el manejo de las designaciones p\u00fablicas.<\/p>\n\n\n\n<p>El desenlace de esta crisis interna definir\u00e1 la estabilidad del esquema de poder en los pr\u00f3ximos meses. Si no se logra establecer una mesa de coordinaci\u00f3n pol\u00edtica real que trascienda la urgencia parlamentaria, el gobierno corre el riesgo de enfrentar una oposici\u00f3n mucho m\u00e1s f\u00e9rrea de parte de quienes, hasta hace poco, eran sus aliados m\u00e1s cercanos. La reflexi\u00f3n final en los pasillos del Congreso es un\u00e1nime: la confianza es un recurso no renovable y, en pol\u00edtica, los desaires en organismos de control suelen pagarse con par\u00e1lisis legislativa.<\/p>\n","protected":false},"excerpt":{"rendered":"<p>La alianza t\u00e1ctica entre el PRO y La Libertad Avanza atraviesa su momento m\u00e1s delicado tras la reciente designaci\u00f3n de autoridades en la Auditor\u00eda General de la Naci\u00f3n (AGN). Lo que comenz\u00f3 como un acompa\u00f1amiento legislativo program\u00e1tico se ha transformado en un escenario de desconfianza y acusaciones cruzadas de traici\u00f3n pol\u00edtica. Desde las filas del [&hellip;]<\/p>\n","protected":false},"author":2,"featured_media":15295,"comment_status":"open","ping_status":"open","sticky":false,"template":"","format":"standard","meta":{"footnotes":""},"categories":[26],"tags":[],"class_list":{"0":"post-15299","1":"post","2":"type-post","3":"status-publish","4":"format-standard","5":"has-post-thumbnail","7":"category-nacionales"},"aioseo_notices":[],"_links":{"self":[{"href":"https:\/\/lalupa24.com.ar\/index.php\/wp-json\/wp\/v2\/posts\/15299","targetHints":{"allow":["GET"]}}],"collection":[{"href":"https:\/\/lalupa24.com.ar\/index.php\/wp-json\/wp\/v2\/posts"}],"about":[{"href":"https:\/\/lalupa24.com.ar\/index.php\/wp-json\/wp\/v2\/types\/post"}],"author":[{"embeddable":true,"href":"https:\/\/lalupa24.com.ar\/index.php\/wp-json\/wp\/v2\/users\/2"}],"replies":[{"embeddable":true,"href":"https:\/\/lalupa24.com.ar\/index.php\/wp-json\/wp\/v2\/comments?post=15299"}],"version-history":[{"count":1,"href":"https:\/\/lalupa24.com.ar\/index.php\/wp-json\/wp\/v2\/posts\/15299\/revisions"}],"predecessor-version":[{"id":15300,"href":"https:\/\/lalupa24.com.ar\/index.php\/wp-json\/wp\/v2\/posts\/15299\/revisions\/15300"}],"wp:featuredmedia":[{"embeddable":true,"href":"https:\/\/lalupa24.com.ar\/index.php\/wp-json\/wp\/v2\/media\/15295"}],"wp:attachment":[{"href":"https:\/\/lalupa24.com.ar\/index.php\/wp-json\/wp\/v2\/media?parent=15299"}],"wp:term":[{"taxonomy":"category","embeddable":true,"href":"https:\/\/lalupa24.com.ar\/index.php\/wp-json\/wp\/v2\/categories?post=15299"},{"taxonomy":"post_tag","embeddable":true,"href":"https:\/\/lalupa24.com.ar\/index.php\/wp-json\/wp\/v2\/tags?post=15299"}],"curies":[{"name":"wp","href":"https:\/\/api.w.org\/{rel}","templated":true}]}}