{"id":15390,"date":"2025-12-21T11:43:28","date_gmt":"2025-12-21T14:43:28","guid":{"rendered":"https:\/\/lalupa24.com.ar\/?p=15390"},"modified":"2025-12-21T11:43:29","modified_gmt":"2025-12-21T14:43:29","slug":"tension-federal-gobernadores-cuestionan-el-presupuesto-y-advierten-sobre-los-limites-del-ajuste-fiscal","status":"publish","type":"post","link":"https:\/\/lalupa24.com.ar\/index.php\/2025\/12\/21\/tension-federal-gobernadores-cuestionan-el-presupuesto-y-advierten-sobre-los-limites-del-ajuste-fiscal\/","title":{"rendered":"TENSI\u00d3N FEDERAL: GOBERNADORES CUESTIONAN EL PRESUPUESTO Y ADVIERTEN SOBRE LOS L\u00cdMITES DEL AJUSTE FISCAL"},"content":{"rendered":"\n<p>El debate presupuestario en Argentina ha ingresado en una fase de confrontaci\u00f3n directa entre el Poder Ejecutivo Nacional y las administraciones provinciales. En una reciente declaraci\u00f3n que resuena en el arco pol\u00edtico, un mandatario provincial lanz\u00f3 una dura cr\u00edtica contra la estrategia de &#8220;d\u00e9ficit cero&#8221; del Gobierno central, sosteniendo que el equilibrio fiscal por s\u00ed solo no garantiza el bienestar social ni el crecimiento econ\u00f3mico. La frase &#8220;con el equilibrio fiscal no se come ni se genera trabajo&#8221; sintetiza el malestar de los gobernadores frente a la poda de transferencias y la paralizaci\u00f3n de la obra p\u00fablica.<\/p>\n\n\n\n<p>Desde el punto de vista macroecon\u00f3mico, los gobernadores argumentan que la obsesi\u00f3n por el super\u00e1vit financiero est\u00e1 asfixiando las econom\u00edas regionales y deteriorando el consumo interno. De acuerdo con informes t\u00e9cnicos de diversas consultoras fiscales, la ca\u00edda en la coparticipaci\u00f3n y la eliminaci\u00f3n de fondos espec\u00edficos han dejado a varias provincias en una situaci\u00f3n de vulnerabilidad administrativa. El reclamo apunta a que el ajuste no puede ser el \u00fanico eje de la pol\u00edtica p\u00fablica, especialmente cuando la actividad industrial y el empleo formal muestran signos de retracci\u00f3n.<\/p>\n\n\n\n<p>El Gobierno nacional, por su parte, mantiene firme su postura de no ceder ante las presiones federales, argumentando que la estabilidad monetaria es la condici\u00f3n necesaria para cualquier recuperaci\u00f3n posterior. Sin embargo, el an\u00e1lisis pol\u00edtico sugiere que esta rigidez est\u00e1 erosionando la base de apoyo legislativo necesaria para aprobar leyes clave en el Congreso. La falta de un presupuesto consensuado para el pr\u00f3ximo ejercicio fiscal genera incertidumbre en los mercados y en los organismos internacionales que monitorean la solvencia del pa\u00eds.<\/p>\n\n\n\n<p>En el \u00e1mbito social, la preocupaci\u00f3n de los gobernadores radica en la dificultad de sostener los servicios b\u00e1sicos de salud, educaci\u00f3n y seguridad ante el recorte de subsidios nacionales. Seg\u00fan especialistas en pol\u00edticas p\u00fablicas, la transferencia de responsabilidades operativas a las provincias sin el correspondiente respaldo financiero est\u00e1 creando un &#8220;embudo&#8221; que podr\u00eda derivar en conflictos sociales locales de dif\u00edcil resoluci\u00f3n. La advertencia sobre la falta de generaci\u00f3n de empleo es, en esencia, una alerta sobre la sustentabilidad de la paz social a largo plazo.<\/p>\n\n\n\n<p>Las implicancias de este conflicto trascienden lo meramente contable y se instalan en la gobernabilidad. El equilibrio fiscal, si bien es una meta deseable para la estabilidad cambiaria, enfrenta el desaf\u00edo de su validaci\u00f3n pol\u00edtica en un sistema federal. Los mandatarios regionales exigen un esquema de desarrollo que contemple incentivos a la producci\u00f3n, sosteniendo que el ahorro fiscal debe ser una herramienta para la inversi\u00f3n y no un fin en s\u00ed mismo que paralice los motores de la econom\u00eda real.<\/p>\n\n\n\n<p>Hacia adelante, el escenario plantea una negociaci\u00f3n forzada donde el Gobierno central deber\u00e1 decidir si flexibiliza sus metas o profundiza el aislamiento respecto a las provincias. La proyecci\u00f3n de un presupuesto con equilibrio fiscal estricto ser\u00e1 la gran prueba de fuego para la administraci\u00f3n actual. El resultado de esta pugna definir\u00e1 no solo el rumbo financiero de la naci\u00f3n en 2026, sino tambi\u00e9n el mapa de alianzas pol\u00edticas de cara a los pr\u00f3ximos desaf\u00edos electorales y la estabilidad del sistema productivo argentino.<\/p>\n","protected":false},"excerpt":{"rendered":"<p>El debate presupuestario en Argentina ha ingresado en una fase de confrontaci\u00f3n directa entre el Poder Ejecutivo Nacional y las administraciones provinciales. En una reciente declaraci\u00f3n que resuena en el arco pol\u00edtico, un mandatario provincial lanz\u00f3 una dura cr\u00edtica contra la estrategia de &#8220;d\u00e9ficit cero&#8221; del Gobierno central, sosteniendo que el equilibrio fiscal por s\u00ed [&hellip;]<\/p>\n","protected":false},"author":2,"featured_media":15378,"comment_status":"open","ping_status":"open","sticky":false,"template":"","format":"standard","meta":{"footnotes":""},"categories":[26],"tags":[],"class_list":{"0":"post-15390","1":"post","2":"type-post","3":"status-publish","4":"format-standard","5":"has-post-thumbnail","7":"category-nacionales"},"aioseo_notices":[],"_links":{"self":[{"href":"https:\/\/lalupa24.com.ar\/index.php\/wp-json\/wp\/v2\/posts\/15390","targetHints":{"allow":["GET"]}}],"collection":[{"href":"https:\/\/lalupa24.com.ar\/index.php\/wp-json\/wp\/v2\/posts"}],"about":[{"href":"https:\/\/lalupa24.com.ar\/index.php\/wp-json\/wp\/v2\/types\/post"}],"author":[{"embeddable":true,"href":"https:\/\/lalupa24.com.ar\/index.php\/wp-json\/wp\/v2\/users\/2"}],"replies":[{"embeddable":true,"href":"https:\/\/lalupa24.com.ar\/index.php\/wp-json\/wp\/v2\/comments?post=15390"}],"version-history":[{"count":1,"href":"https:\/\/lalupa24.com.ar\/index.php\/wp-json\/wp\/v2\/posts\/15390\/revisions"}],"predecessor-version":[{"id":15391,"href":"https:\/\/lalupa24.com.ar\/index.php\/wp-json\/wp\/v2\/posts\/15390\/revisions\/15391"}],"wp:featuredmedia":[{"embeddable":true,"href":"https:\/\/lalupa24.com.ar\/index.php\/wp-json\/wp\/v2\/media\/15378"}],"wp:attachment":[{"href":"https:\/\/lalupa24.com.ar\/index.php\/wp-json\/wp\/v2\/media?parent=15390"}],"wp:term":[{"taxonomy":"category","embeddable":true,"href":"https:\/\/lalupa24.com.ar\/index.php\/wp-json\/wp\/v2\/categories?post=15390"},{"taxonomy":"post_tag","embeddable":true,"href":"https:\/\/lalupa24.com.ar\/index.php\/wp-json\/wp\/v2\/tags?post=15390"}],"curies":[{"name":"wp","href":"https:\/\/api.w.org\/{rel}","templated":true}]}}