{"id":15406,"date":"2025-12-21T11:50:17","date_gmt":"2025-12-21T14:50:17","guid":{"rendered":"https:\/\/lalupa24.com.ar\/?p=15406"},"modified":"2025-12-21T11:50:18","modified_gmt":"2025-12-21T14:50:18","slug":"estrategia-en-cordoba-la-libertad-avanza-acelera-negociaciones-para-consolidar-una-coalicion-opositora-hacia-2027","status":"publish","type":"post","link":"https:\/\/lalupa24.com.ar\/index.php\/2025\/12\/21\/estrategia-en-cordoba-la-libertad-avanza-acelera-negociaciones-para-consolidar-una-coalicion-opositora-hacia-2027\/","title":{"rendered":"ESTRATEGIA EN C\u00d3RDOBA: LA LIBERTAD AVANZA ACELERA NEGOCIACIONES PARA CONSOLIDAR UNA COALICI\u00d3N OPOSITORA HACIA 2027"},"content":{"rendered":"\n<p>La Libertad Avanza (LLA) ha iniciado formalmente un proceso de expansi\u00f3n territorial en la provincia de C\u00f3rdoba, con el objetivo estrat\u00e9gico de estructurar una coalici\u00f3n capaz de disputar la hegemon\u00eda que el peronismo cordob\u00e9s mantiene desde hace m\u00e1s de dos d\u00e9cadas. Este movimiento responde a una instrucci\u00f3n directa de la conducci\u00f3n nacional, que identifica en el distrito mediterr\u00e1neo el basti\u00f3n electoral m\u00e1s af\u00edn al ideario libertario. Las negociaciones buscan amalgamar a sectores del PRO, el radicalismo disidente y fuerzas locales menores bajo una plataforma com\u00fan que capitalice el alto nivel de aprobaci\u00f3n presidencial en la regi\u00f3n.<\/p>\n\n\n\n<p>El armado pol\u00edtico en C\u00f3rdoba es liderado por figuras clave del esquema oficialista, quienes han mantenido reuniones privadas con referentes territoriales para delinear un programa de gobierno basado en la desregulaci\u00f3n econ\u00f3mica y la reducci\u00f3n del gasto p\u00fablico provincial. Seg\u00fan analistas pol\u00edticos locales, el desaf\u00edo principal radica en convencer a las estructuras tradicionales de Juntos por el Cambio de que la \u00fanica v\u00eda para derrotar al oficialismo provincial es ceder el liderazgo a la nueva fuerza emergente. El &#8220;modelo C\u00f3rdoba&#8221; de LLA pretende ser el espejo de una construcci\u00f3n nacional que prioriza la ideolog\u00eda sobre la estructura partidaria cl\u00e1sica.<\/p>\n\n\n\n<p>El actual gobierno provincial, encabezado por el peronismo no alineado con el kirchnerismo, observa este movimiento con cautela pero sin subestimar el potencial de LLA. Hist\u00f3ricamente, el electorado cordob\u00e9s ha mostrado una inclinaci\u00f3n por opciones que defienden la autonom\u00eda provincial frente a Buenos Aires, un sentimiento que Javier Milei ha sabido interpretar con \u00e9xito en los comicios generales. Sin embargo, los operadores libertarios saben que para 2027 no bastar\u00e1 con el carisma presidencial, sino que requerir\u00e1n de una capilaridad territorial que hoy solo poseen los partidos con d\u00e9cadas de existencia en los municipios.<\/p>\n\n\n\n<p>Las tensiones internas dentro de los posibles aliados no se han hecho esperar, ya que sectores de la Uni\u00f3n C\u00edvica Radical (UCR) y el PRO temen una &#8220;absorci\u00f3n&#8221; definitiva por parte de las filas violetas. De acuerdo con fuentes cercanas a las negociaciones, el plan de LLA contempla ofrecer espacios de poder en las listas legislativas intermedias como gesto de apertura, aunque reservando las candidaturas ejecutivas para figuras propias o &#8220;conversos&#8221; de extrema confianza. Este pragmatismo pol\u00edtico busca evitar las fragmentaciones que, en el pasado, facilitaron la continuidad del peronismo cordob\u00e9s en el poder.<\/p>\n\n\n\n<p>En t\u00e9rminos econ\u00f3micos, la propuesta de la coalici\u00f3n libertaria en C\u00f3rdoba pone el foco en el sector agroindustrial, prometiendo una eliminaci\u00f3n total de trabas administrativas y una presi\u00f3n fiscal m\u00ednima. Este discurso resuena con fuerza en los departamentos del sur y este provincial, donde el conflicto con el gobierno central por las retenciones hist\u00f3ricamente ha marcado el pulso pol\u00edtico. El \u00e9xito de esta coalici\u00f3n depender\u00e1 de su capacidad para articular estas demandas sectoriales con un discurso de modernizaci\u00f3n estatal que atraiga a los j\u00f3venes urbanos de la capital.<\/p>\n\n\n\n<p>La proyecci\u00f3n hacia 2027 marca un cambio de ciclo en la pol\u00edtica cordobesa, donde la polarizaci\u00f3n entre el peronismo de gesti\u00f3n y el nuevo liberalismo parece desplazar a las fuerzas tradicionales al centro de la escena. Si LLA logra consolidar este frente amplio, C\u00f3rdoba se convertir\u00e1 en el laboratorio pol\u00edtico m\u00e1s importante del pa\u00eds para testear la supervivencia y expansi\u00f3n del movimiento libertario m\u00e1s all\u00e1 de la figura de su fundador. Los pr\u00f3ximos meses ser\u00e1n decisivos para determinar si esta coalici\u00f3n nace como una fuerza de gobierno s\u00f3lida o si las diferencias internas terminan atomizando el voto opositor.<\/p>\n","protected":false},"excerpt":{"rendered":"<p>La Libertad Avanza (LLA) ha iniciado formalmente un proceso de expansi\u00f3n territorial en la provincia de C\u00f3rdoba, con el objetivo estrat\u00e9gico de estructurar una coalici\u00f3n capaz de disputar la hegemon\u00eda que el peronismo cordob\u00e9s mantiene desde hace m\u00e1s de dos d\u00e9cadas. Este movimiento responde a una instrucci\u00f3n directa de la conducci\u00f3n nacional, que identifica en [&hellip;]<\/p>\n","protected":false},"author":2,"featured_media":15403,"comment_status":"open","ping_status":"open","sticky":false,"template":"","format":"standard","meta":{"footnotes":""},"categories":[26],"tags":[],"class_list":{"0":"post-15406","1":"post","2":"type-post","3":"status-publish","4":"format-standard","5":"has-post-thumbnail","7":"category-nacionales"},"aioseo_notices":[],"_links":{"self":[{"href":"https:\/\/lalupa24.com.ar\/index.php\/wp-json\/wp\/v2\/posts\/15406","targetHints":{"allow":["GET"]}}],"collection":[{"href":"https:\/\/lalupa24.com.ar\/index.php\/wp-json\/wp\/v2\/posts"}],"about":[{"href":"https:\/\/lalupa24.com.ar\/index.php\/wp-json\/wp\/v2\/types\/post"}],"author":[{"embeddable":true,"href":"https:\/\/lalupa24.com.ar\/index.php\/wp-json\/wp\/v2\/users\/2"}],"replies":[{"embeddable":true,"href":"https:\/\/lalupa24.com.ar\/index.php\/wp-json\/wp\/v2\/comments?post=15406"}],"version-history":[{"count":1,"href":"https:\/\/lalupa24.com.ar\/index.php\/wp-json\/wp\/v2\/posts\/15406\/revisions"}],"predecessor-version":[{"id":15407,"href":"https:\/\/lalupa24.com.ar\/index.php\/wp-json\/wp\/v2\/posts\/15406\/revisions\/15407"}],"wp:featuredmedia":[{"embeddable":true,"href":"https:\/\/lalupa24.com.ar\/index.php\/wp-json\/wp\/v2\/media\/15403"}],"wp:attachment":[{"href":"https:\/\/lalupa24.com.ar\/index.php\/wp-json\/wp\/v2\/media?parent=15406"}],"wp:term":[{"taxonomy":"category","embeddable":true,"href":"https:\/\/lalupa24.com.ar\/index.php\/wp-json\/wp\/v2\/categories?post=15406"},{"taxonomy":"post_tag","embeddable":true,"href":"https:\/\/lalupa24.com.ar\/index.php\/wp-json\/wp\/v2\/tags?post=15406"}],"curies":[{"name":"wp","href":"https:\/\/api.w.org\/{rel}","templated":true}]}}