{"id":15414,"date":"2025-12-21T11:52:46","date_gmt":"2025-12-21T14:52:46","guid":{"rendered":"https:\/\/lalupa24.com.ar\/?p=15414"},"modified":"2025-12-21T11:52:47","modified_gmt":"2025-12-21T14:52:47","slug":"reestructuracion-en-la-policia-federal-la-nueva-ministra-de-seguridad-define-su-cupula-estrategica","status":"publish","type":"post","link":"https:\/\/lalupa24.com.ar\/index.php\/2025\/12\/21\/reestructuracion-en-la-policia-federal-la-nueva-ministra-de-seguridad-define-su-cupula-estrategica\/","title":{"rendered":"REESTRUCTURACI\u00d3N EN LA POLIC\u00cdA FEDERAL: LA NUEVA MINISTRA DE SEGURIDAD DEFINE SU C\u00daPULA ESTRAT\u00c9GICA"},"content":{"rendered":"\n<p>En una de sus primeras medidas de alto impacto, la flamante Ministra de Seguridad ha formalizado la designaci\u00f3n de la nueva c\u00fapula de la Polic\u00eda Federal Argentina (PFA), marcando el inicio de una etapa de renovaci\u00f3n institucional. Esta decisi\u00f3n no solo implica un cambio de nombres en la jerarqu\u00eda operativa, sino que se\u00f1ala una direcci\u00f3n estrat\u00e9gica clara hacia la modernizaci\u00f3n de la fuerza y la intensificaci\u00f3n de la lucha contra el crimen organizado. La conformaci\u00f3n del mando superior busca equilibrar la experiencia en campo con una visi\u00f3n actualizada sobre inteligencia criminal y seguridad ciudadana en centros urbanos.<\/p>\n\n\n\n<p>La elecci\u00f3n de los nuevos mandos responde a un riguroso proceso de evaluaci\u00f3n de perfiles t\u00e9cnicos y antecedentes profesionales dentro de la instituci\u00f3n. Fuentes oficiales del Ministerio de Seguridad indicaron que la prioridad de esta gesti\u00f3n ser\u00e1 fortalecer la presencia federal en todo el territorio nacional, optimizando los recursos para combatir delitos complejos como el narcotr\u00e1fico y la trata de personas. La nueva estructura jer\u00e1rquica tiene el mandato de profundizar la transparencia institucional y mejorar los protocolos de actuaci\u00f3n en situaciones de alta conflictividad social, un eje central de la agenda pol\u00edtica actual.<\/p>\n\n\n\n<p>El despliegue de esta nueva c\u00fapula se produce en un contexto de creciente demanda social por mayores niveles de prevenci\u00f3n y eficacia policial. De acuerdo con analistas en seguridad p\u00fablica, la ratificaci\u00f3n de ciertos cuadros operativos sugiere una apuesta por la continuidad en las investigaciones exitosas, mientras que las nuevas incorporaciones buscan oxigenar \u00e1reas que requieren una actualizaci\u00f3n tecnol\u00f3gica urgente. La capacidad de la nueva jefatura para articular acciones con las fuerzas provinciales y otras agencias de seguridad nacional ser\u00e1 determinante para el \u00e9xito del plan de seguridad integral que propone el Gobierno.<\/p>\n\n\n\n<p>Dentro de los objetivos inmediatos de la nueva plana mayor se encuentra el reordenamiento de las delegaciones del interior del pa\u00eds, que cumplen un rol cr\u00edtico en la custodia de fronteras y rutas estrat\u00e9gicas. Se espera que en las pr\u00f3ximas semanas se anuncien nuevos planes de capacitaci\u00f3n y equipamiento, orientados a dotar a los efectivos de herramientas de \u00faltima generaci\u00f3n para el an\u00e1lisis de datos criminales. La ministra ha subrayado en declaraciones recientes que la profesionalizaci\u00f3n de la Polic\u00eda Federal es un proceso irreversible que requiere de l\u00edderes comprometidos con el Estado de Derecho y la eficiencia operativa.<\/p>\n\n\n\n<p>El impacto pol\u00edtico de estas designaciones tambi\u00e9n es relevante, ya que establece la base de confianza entre el poder pol\u00edtico y la estructura de mando de la fuerza m\u00e1s antigua del pa\u00eds. La respuesta de los cuadros intermedios y el personal subalterno ante este recambio ser\u00e1 clave para mantener la moral de la tropa y garantizar que los cambios se traduzcan en resultados palpables en las calles. Organizaciones de la sociedad civil y observadores de derechos humanos ya han manifestado que seguir\u00e1n de cerca la implementaci\u00f3n de las nuevas pol\u00edticas de seguridad para asegurar que el fortalecimiento de la fuerza vaya de la mano con el respeto a las garant\u00edas constitucionales.<\/p>\n\n\n\n<p>A largo plazo, la gesti\u00f3n de la nueva c\u00fapula de la Polic\u00eda Federal ser\u00e1 evaluada por su capacidad para reducir los \u00edndices de criminalidad y restaurar el prestigio institucional en sectores de la poblaci\u00f3n que han mostrado desconfianza. El desaf\u00edo es may\u00fasculo en un escenario donde el delito se vuelve cada vez m\u00e1s transnacional y tecnol\u00f3gico. Con estos nombramientos, el Ministerio de Seguridad no solo llena vacantes, sino que traza la hoja de ruta para una instituci\u00f3n que aspira a ser el pilar de la tranquilidad p\u00fablica en los a\u00f1os venideros.<\/p>\n","protected":false},"excerpt":{"rendered":"<p>En una de sus primeras medidas de alto impacto, la flamante Ministra de Seguridad ha formalizado la designaci\u00f3n de la nueva c\u00fapula de la Polic\u00eda Federal Argentina (PFA), marcando el inicio de una etapa de renovaci\u00f3n institucional. Esta decisi\u00f3n no solo implica un cambio de nombres en la jerarqu\u00eda operativa, sino que se\u00f1ala una direcci\u00f3n [&hellip;]<\/p>\n","protected":false},"author":2,"featured_media":15399,"comment_status":"open","ping_status":"open","sticky":false,"template":"","format":"standard","meta":{"footnotes":""},"categories":[26],"tags":[],"class_list":{"0":"post-15414","1":"post","2":"type-post","3":"status-publish","4":"format-standard","5":"has-post-thumbnail","7":"category-nacionales"},"aioseo_notices":[],"_links":{"self":[{"href":"https:\/\/lalupa24.com.ar\/index.php\/wp-json\/wp\/v2\/posts\/15414","targetHints":{"allow":["GET"]}}],"collection":[{"href":"https:\/\/lalupa24.com.ar\/index.php\/wp-json\/wp\/v2\/posts"}],"about":[{"href":"https:\/\/lalupa24.com.ar\/index.php\/wp-json\/wp\/v2\/types\/post"}],"author":[{"embeddable":true,"href":"https:\/\/lalupa24.com.ar\/index.php\/wp-json\/wp\/v2\/users\/2"}],"replies":[{"embeddable":true,"href":"https:\/\/lalupa24.com.ar\/index.php\/wp-json\/wp\/v2\/comments?post=15414"}],"version-history":[{"count":1,"href":"https:\/\/lalupa24.com.ar\/index.php\/wp-json\/wp\/v2\/posts\/15414\/revisions"}],"predecessor-version":[{"id":15415,"href":"https:\/\/lalupa24.com.ar\/index.php\/wp-json\/wp\/v2\/posts\/15414\/revisions\/15415"}],"wp:featuredmedia":[{"embeddable":true,"href":"https:\/\/lalupa24.com.ar\/index.php\/wp-json\/wp\/v2\/media\/15399"}],"wp:attachment":[{"href":"https:\/\/lalupa24.com.ar\/index.php\/wp-json\/wp\/v2\/media?parent=15414"}],"wp:term":[{"taxonomy":"category","embeddable":true,"href":"https:\/\/lalupa24.com.ar\/index.php\/wp-json\/wp\/v2\/categories?post=15414"},{"taxonomy":"post_tag","embeddable":true,"href":"https:\/\/lalupa24.com.ar\/index.php\/wp-json\/wp\/v2\/tags?post=15414"}],"curies":[{"name":"wp","href":"https:\/\/api.w.org\/{rel}","templated":true}]}}