{"id":15453,"date":"2025-12-29T11:42:54","date_gmt":"2025-12-29T14:42:54","guid":{"rendered":"https:\/\/lalupa24.com.ar\/?p=15453"},"modified":"2025-12-29T11:42:55","modified_gmt":"2025-12-29T14:42:55","slug":"con-bendicion-de-monsenor-dus-cerro-el-ano-jubilar-en-resistencia","status":"publish","type":"post","link":"https:\/\/lalupa24.com.ar\/index.php\/2025\/12\/29\/con-bendicion-de-monsenor-dus-cerro-el-ano-jubilar-en-resistencia\/","title":{"rendered":"Con bendici\u00f3n de monse\u00f1or Dus, cerr\u00f3 el a\u00f1o jubilar en Resistencia"},"content":{"rendered":"\n<p><\/p>\n\n\n\n<p>Con el apoyo log\u00edstico de la Municipalidad de Resistencia, cerr\u00f3 el A\u00f1o Jubilar con una misa en la Iglesia Catedral.<\/p>\n\n\n\n<p>Al t\u00e9rmino del oficio religioso, el Arzobispo de Resistencia, monse\u00f1or Ram\u00f3n Dus, bendijo al pueblo de Resistencia con una oraci\u00f3n: \u201cLa esperanza que nos queda justamente es haber celebrado este a\u00f1o Peregrinos de la Esperanza, pero con la certeza de la obra de Dios tambi\u00e9n en nuestra vida, en la vida de la gente, y en el misterio del coraz\u00f3n de las personas, que eso nos alegra acompa\u00f1ar, discernir y ayudarlas\u201d.<\/p>\n\n\n\n<p>\u201cAs\u00ed que el pensamiento va al nuevo a\u00f1o, que el a\u00f1o nos d\u00e9 realmente a todos una fortaleza justamente de haber caminado juntos para, como recordamos en la celebraci\u00f3n, realmente vivir una fraternidad de amigos que nos posibilite y nos fortalezca la lucha de la vida concreta\u201d, agreg\u00f3.<\/p>\n\n\n\n<p>El director de Culto municipal, Javier Pi\u00f1ero, explic\u00f3 que \u201cmuchas \u00e1reas del Municipio de Resistencia trabajaron fuerte para poder llevar adelante esta actividad\u201d.<\/p>\n\n\n\n<p>Desde la Secretar\u00eda de Desarrollo Territorial de la comuna manifestaron que \u201ces un evento muy importante para los que profesamos la fe cat\u00f3lica. Fue un a\u00f1o importante por este hecho, as\u00ed que el cierre ha sido multitudinario, a pesar de las inclemencias del tiempo, se ha reunido much\u00edsima gente dentro de la Iglesia, as\u00ed que estamos muy contentos de haber acompa\u00f1ado\u201d.<\/p>\n","protected":false},"excerpt":{"rendered":"<p>Con el apoyo log\u00edstico de la Municipalidad de Resistencia, cerr\u00f3 el A\u00f1o Jubilar con una misa en la Iglesia Catedral. Al t\u00e9rmino del oficio religioso, el Arzobispo de Resistencia, monse\u00f1or Ram\u00f3n Dus, bendijo al pueblo de Resistencia con una oraci\u00f3n: \u201cLa esperanza que nos queda justamente es haber celebrado este a\u00f1o Peregrinos de la Esperanza, [&hellip;]<\/p>\n","protected":false},"author":2,"featured_media":15454,"comment_status":"open","ping_status":"open","sticky":false,"template":"","format":"standard","meta":{"footnotes":""},"categories":[28],"tags":[],"class_list":{"0":"post-15453","1":"post","2":"type-post","3":"status-publish","4":"format-standard","5":"has-post-thumbnail","7":"category-locales"},"aioseo_notices":[],"_links":{"self":[{"href":"https:\/\/lalupa24.com.ar\/index.php\/wp-json\/wp\/v2\/posts\/15453","targetHints":{"allow":["GET"]}}],"collection":[{"href":"https:\/\/lalupa24.com.ar\/index.php\/wp-json\/wp\/v2\/posts"}],"about":[{"href":"https:\/\/lalupa24.com.ar\/index.php\/wp-json\/wp\/v2\/types\/post"}],"author":[{"embeddable":true,"href":"https:\/\/lalupa24.com.ar\/index.php\/wp-json\/wp\/v2\/users\/2"}],"replies":[{"embeddable":true,"href":"https:\/\/lalupa24.com.ar\/index.php\/wp-json\/wp\/v2\/comments?post=15453"}],"version-history":[{"count":1,"href":"https:\/\/lalupa24.com.ar\/index.php\/wp-json\/wp\/v2\/posts\/15453\/revisions"}],"predecessor-version":[{"id":15455,"href":"https:\/\/lalupa24.com.ar\/index.php\/wp-json\/wp\/v2\/posts\/15453\/revisions\/15455"}],"wp:featuredmedia":[{"embeddable":true,"href":"https:\/\/lalupa24.com.ar\/index.php\/wp-json\/wp\/v2\/media\/15454"}],"wp:attachment":[{"href":"https:\/\/lalupa24.com.ar\/index.php\/wp-json\/wp\/v2\/media?parent=15453"}],"wp:term":[{"taxonomy":"category","embeddable":true,"href":"https:\/\/lalupa24.com.ar\/index.php\/wp-json\/wp\/v2\/categories?post=15453"},{"taxonomy":"post_tag","embeddable":true,"href":"https:\/\/lalupa24.com.ar\/index.php\/wp-json\/wp\/v2\/tags?post=15453"}],"curies":[{"name":"wp","href":"https:\/\/api.w.org\/{rel}","templated":true}]}}