{"id":15456,"date":"2025-12-29T11:45:04","date_gmt":"2025-12-29T14:45:04","guid":{"rendered":"https:\/\/lalupa24.com.ar\/?p=15456"},"modified":"2025-12-29T11:45:05","modified_gmt":"2025-12-29T14:45:05","slug":"recuperaron-una-carpa-valuada-en-15-millones-buscan-al-autor","status":"publish","type":"post","link":"https:\/\/lalupa24.com.ar\/index.php\/2025\/12\/29\/recuperaron-una-carpa-valuada-en-15-millones-buscan-al-autor\/","title":{"rendered":"Recuperaron una carpa valuada en $1,5 millones buscan al autor"},"content":{"rendered":"\n<p>El hecho fue denunciado por un ciudadano de 45 a\u00f1os, de la provincia de Santa Fe, quien manifest\u00f3 que el d\u00eda de ayer, a eso de las 11:30 horas se encontraba descargando mercader\u00edas de un cami\u00f3n con semirremolque, en un galp\u00f3n de una empresa. En un momento, retir\u00f3 la carpa del veh\u00edculo y la dej\u00f3 doblada a un costado del port\u00f3n, constatando luego que la misma hab\u00eda desaparecido.<\/p>\n\n\n\n<p>Tras revisar las c\u00e1maras de seguridad, junto a un empleado de la firma, se observ\u00f3 que un hombre que se desplazaba en un carro de tracci\u00f3n a sangre, hab\u00eda sustra\u00eddo la lona. De averiguaciones realizadas con transe\u00fantes, el sospechoso fue identificado y residir\u00eda en el barrio Don Santiago.<\/p>\n\n\n\n<p>A partir de las tareas investigativas llevadas adelante por personal del Servicio Externo y Guardia de Prevenci\u00f3n, hoy, alrededor de las 21:00 horas, se logr\u00f3 establecer que la carpa se encontraba oculto en un terreno bald\u00edo de la Chacra 24, en el barrio Don Santiago, procedi\u00e9ndose al formal secuestro del elemento denunciado.<\/p>\n\n\n\n<p>Tom\u00f3 intervenci\u00f3n el Equipo Fiscal N\u00b0 3, a cargo de la Dra. Rosana Soto, quien dispuso que el bien recuperado sea restituido al denunciante. Continuando el trabajo hasta dar con el responsable del il\u00edcito<\/p>\n","protected":false},"excerpt":{"rendered":"<p>El hecho fue denunciado por un ciudadano de 45 a\u00f1os, de la provincia de Santa Fe, quien manifest\u00f3 que el d\u00eda de ayer, a eso de las 11:30 horas se encontraba descargando mercader\u00edas de un cami\u00f3n con semirremolque, en un galp\u00f3n de una empresa. En un momento, retir\u00f3 la carpa del veh\u00edculo y la dej\u00f3 [&hellip;]<\/p>\n","protected":false},"author":2,"featured_media":15457,"comment_status":"open","ping_status":"open","sticky":false,"template":"","format":"standard","meta":{"footnotes":""},"categories":[28,155],"tags":[],"class_list":{"0":"post-15456","1":"post","2":"type-post","3":"status-publish","4":"format-standard","5":"has-post-thumbnail","7":"category-locales","8":"category-policiales"},"aioseo_notices":[],"_links":{"self":[{"href":"https:\/\/lalupa24.com.ar\/index.php\/wp-json\/wp\/v2\/posts\/15456","targetHints":{"allow":["GET"]}}],"collection":[{"href":"https:\/\/lalupa24.com.ar\/index.php\/wp-json\/wp\/v2\/posts"}],"about":[{"href":"https:\/\/lalupa24.com.ar\/index.php\/wp-json\/wp\/v2\/types\/post"}],"author":[{"embeddable":true,"href":"https:\/\/lalupa24.com.ar\/index.php\/wp-json\/wp\/v2\/users\/2"}],"replies":[{"embeddable":true,"href":"https:\/\/lalupa24.com.ar\/index.php\/wp-json\/wp\/v2\/comments?post=15456"}],"version-history":[{"count":1,"href":"https:\/\/lalupa24.com.ar\/index.php\/wp-json\/wp\/v2\/posts\/15456\/revisions"}],"predecessor-version":[{"id":15458,"href":"https:\/\/lalupa24.com.ar\/index.php\/wp-json\/wp\/v2\/posts\/15456\/revisions\/15458"}],"wp:featuredmedia":[{"embeddable":true,"href":"https:\/\/lalupa24.com.ar\/index.php\/wp-json\/wp\/v2\/media\/15457"}],"wp:attachment":[{"href":"https:\/\/lalupa24.com.ar\/index.php\/wp-json\/wp\/v2\/media?parent=15456"}],"wp:term":[{"taxonomy":"category","embeddable":true,"href":"https:\/\/lalupa24.com.ar\/index.php\/wp-json\/wp\/v2\/categories?post=15456"},{"taxonomy":"post_tag","embeddable":true,"href":"https:\/\/lalupa24.com.ar\/index.php\/wp-json\/wp\/v2\/tags?post=15456"}],"curies":[{"name":"wp","href":"https:\/\/api.w.org\/{rel}","templated":true}]}}