{"id":15501,"date":"2025-12-30T11:04:30","date_gmt":"2025-12-30T14:04:30","guid":{"rendered":"https:\/\/lalupa24.com.ar\/?p=15501"},"modified":"2025-12-30T11:04:31","modified_gmt":"2025-12-30T14:04:31","slug":"manuel-adorni-anticipa-el-cierre-del-ano-legislativo-el-gobierno-anuncia-sus-ultimas-medidas-de-2025","status":"publish","type":"post","link":"https:\/\/lalupa24.com.ar\/index.php\/2025\/12\/30\/manuel-adorni-anticipa-el-cierre-del-ano-legislativo-el-gobierno-anuncia-sus-ultimas-medidas-de-2025\/","title":{"rendered":"MANUEL ADORNI ANTICIPA EL CIERRE DEL A\u00d1O LEGISLATIVO: EL GOBIERNO ANUNCIA SUS \u00daLTIMAS MEDIDAS DE 2025"},"content":{"rendered":"\n<p>En su \u00faltima comparecencia del a\u00f1o ante los medios, el Vocero Presidencial Manuel Adorni tiene previsto detallar hoy el paquete de medidas finales con las que el Poder Ejecutivo cerrar\u00e1 el ciclo 2025. Este anuncio no solo representa un balance de gesti\u00f3n, sino que busca sentar las bases operativas para el primer trimestre de 2026, en un contexto donde el Gobierno intenta consolidar la baja de la inflaci\u00f3n y la desregulaci\u00f3n econ\u00f3mica. La expectativa oficial se centra en demostrar una agenda activa que no se detiene ante el receso de verano.<\/p>\n\n\n\n<p>Fuentes de la Casa Rosada indican que los anuncios girar\u00e1n en torno a tres ejes fundamentales: la profundizaci\u00f3n de la reforma del Estado, nuevas simplificaciones para el comercio exterior y la pr\u00f3rroga de ciertos beneficios fiscales para sectores estrat\u00e9gicos. Seg\u00fan el equipo econ\u00f3mico, estas decisiones son el corolario de un a\u00f1o marcado por el ajuste del gasto p\u00fablico y la b\u00fasqueda de inversiones extranjeras directas. La intenci\u00f3n del Ejecutivo es finalizar el per\u00edodo anual con una se\u00f1al de previsibilidad absoluta hacia los mercados internacionales y los organismos de cr\u00e9dito.<\/p>\n\n\n\n<p>En el \u00e1mbito pol\u00edtico, el mensaje de Adorni tambi\u00e9n funcionar\u00e1 como una respuesta a las demandas de gobernadores y legisladores sobre el reparto de recursos para el pr\u00f3ximo ejercicio. Se espera que el vocero ratifique la inamovilidad del &#8220;d\u00e9ficit cero&#8221; como regla de oro de la administraci\u00f3n actual, descartando cualquier tipo de asistencia extraordinaria que no est\u00e9 contemplada en el presupuesto vigente. Esta postura firme ha sido la marca distintiva de la comunicaci\u00f3n gubernamental durante todo el 2025, a pesar de las presiones de diversos sectores sociales.<\/p>\n\n\n\n<p>El desarrollo de la conferencia tambi\u00e9n abordar\u00e1 cuestiones relativas a la seguridad y la pol\u00edtica laboral, con posibles decretos que buscan agilizar la contrataci\u00f3n en el sector privado. De acuerdo con analistas pol\u00edticos, el Gobierno busca aprovechar el alto nivel de aprobaci\u00f3n de algunas de sus medidas de desburocratizaci\u00f3n para avanzar con cambios que a\u00fan generan resistencia en los sindicatos. La estrategia consiste en comunicar estos avances como victorias directas para el ciudadano com\u00fan frente a los privilegios de la denominada &#8220;casta pol\u00edtica&#8221;.<\/p>\n\n\n\n<p>Por otro lado, el cierre del a\u00f1o 2025 encuentra al Gobierno en una posici\u00f3n de relativa calma cambiaria, un activo que Adorni resaltar\u00e1 como fruto de la disciplina fiscal. Se espera que el funcionario haga hincapi\u00e9 en la reducci\u00f3n de los \u00edndices de riesgo pa\u00eds y en la normalizaci\u00f3n de la deuda comercial, elementos que considera indispensables para que el crecimiento econ\u00f3mico sea sostenible en el tiempo. La narrativa oficial se enfocar\u00e1 en que el &#8220;sacrificio&#8221; realizado por la sociedad est\u00e1 comenzando a mostrar sus primeros resultados tangibles en la macroeconom\u00eda.<\/p>\n\n\n\n<p>Finalmente, el anuncio de hoy dejar\u00e1 planteada la hoja de ruta para las sesiones extraordinarias en el Congreso, en caso de ser necesarias. La proyecci\u00f3n para el 2026 es ambiciosa, y el cierre de este a\u00f1o se percibe como la culminaci\u00f3n de una etapa de estabilizaci\u00f3n para dar paso a una de expansi\u00f3n. La reflexi\u00f3n final del vocero probablemente apunte a la &#8220;resiliencia&#8221; del modelo, instando a los sectores productivos a apostar por el pa\u00eds en un marco de reglas claras y baja intervenci\u00f3n estatal.<\/p>\n","protected":false},"excerpt":{"rendered":"<p>En su \u00faltima comparecencia del a\u00f1o ante los medios, el Vocero Presidencial Manuel Adorni tiene previsto detallar hoy el paquete de medidas finales con las que el Poder Ejecutivo cerrar\u00e1 el ciclo 2025. Este anuncio no solo representa un balance de gesti\u00f3n, sino que busca sentar las bases operativas para el primer trimestre de 2026, [&hellip;]<\/p>\n","protected":false},"author":2,"featured_media":15483,"comment_status":"open","ping_status":"open","sticky":false,"template":"","format":"standard","meta":{"footnotes":""},"categories":[26],"tags":[],"class_list":{"0":"post-15501","1":"post","2":"type-post","3":"status-publish","4":"format-standard","5":"has-post-thumbnail","7":"category-nacionales"},"aioseo_notices":[],"_links":{"self":[{"href":"https:\/\/lalupa24.com.ar\/index.php\/wp-json\/wp\/v2\/posts\/15501","targetHints":{"allow":["GET"]}}],"collection":[{"href":"https:\/\/lalupa24.com.ar\/index.php\/wp-json\/wp\/v2\/posts"}],"about":[{"href":"https:\/\/lalupa24.com.ar\/index.php\/wp-json\/wp\/v2\/types\/post"}],"author":[{"embeddable":true,"href":"https:\/\/lalupa24.com.ar\/index.php\/wp-json\/wp\/v2\/users\/2"}],"replies":[{"embeddable":true,"href":"https:\/\/lalupa24.com.ar\/index.php\/wp-json\/wp\/v2\/comments?post=15501"}],"version-history":[{"count":1,"href":"https:\/\/lalupa24.com.ar\/index.php\/wp-json\/wp\/v2\/posts\/15501\/revisions"}],"predecessor-version":[{"id":15502,"href":"https:\/\/lalupa24.com.ar\/index.php\/wp-json\/wp\/v2\/posts\/15501\/revisions\/15502"}],"wp:featuredmedia":[{"embeddable":true,"href":"https:\/\/lalupa24.com.ar\/index.php\/wp-json\/wp\/v2\/media\/15483"}],"wp:attachment":[{"href":"https:\/\/lalupa24.com.ar\/index.php\/wp-json\/wp\/v2\/media?parent=15501"}],"wp:term":[{"taxonomy":"category","embeddable":true,"href":"https:\/\/lalupa24.com.ar\/index.php\/wp-json\/wp\/v2\/categories?post=15501"},{"taxonomy":"post_tag","embeddable":true,"href":"https:\/\/lalupa24.com.ar\/index.php\/wp-json\/wp\/v2\/tags?post=15501"}],"curies":[{"name":"wp","href":"https:\/\/api.w.org\/{rel}","templated":true}]}}