{"id":15511,"date":"2025-12-30T11:09:14","date_gmt":"2025-12-30T14:09:14","guid":{"rendered":"https:\/\/lalupa24.com.ar\/?p=15511"},"modified":"2025-12-30T11:09:15","modified_gmt":"2025-12-30T14:09:15","slug":"a-cinco-anos-de-la-legalizacion-del-aborto-reclamos-por-desfinanciamiento-y-marcha-al-congreso","status":"publish","type":"post","link":"https:\/\/lalupa24.com.ar\/index.php\/2025\/12\/30\/a-cinco-anos-de-la-legalizacion-del-aborto-reclamos-por-desfinanciamiento-y-marcha-al-congreso\/","title":{"rendered":"A CINCO A\u00d1OS DE LA LEGALIZACI\u00d3N DEL ABORTO: RECLAMOS POR DESFINANCIAMIENTO Y MARCHA AL CONGRESO"},"content":{"rendered":"\n<p>Este 30 de diciembre se cumple el quinto aniversario de la sanci\u00f3n de la Ley de Interrupci\u00f3n Voluntaria del Embarazo (IVE) en Argentina, un hito que transform\u00f3 la salud p\u00fablica y los derechos reproductivos en la regi\u00f3n. Para conmemorar la fecha, organizaciones feministas y sociales han convocado a una movilizaci\u00f3n hacia el Congreso de la Naci\u00f3n bajo la consigna de defender lo conquistado. Sin embargo, el clima de celebraci\u00f3n se ve empa\u00f1ado por denuncias de un creciente desfinanciamiento de las pol\u00edticas de salud sexual, lo que ha generado nuevas barreras de acceso en diversas provincias del pa\u00eds.<\/p>\n\n\n\n<p>Informes recientes elaborados por organizaciones como el Equipo Latinoamericano de Justicia y G\u00e9nero (ELA) y la Asociaci\u00f3n Civil por la Igualdad y la Justicia (ACIJ) revelan una preocupante ca\u00edda en la ejecuci\u00f3n presupuestaria destinada a la provisi\u00f3n de insumos. Seg\u00fan estos datos, los fondos para la compra de misoprostol y mifepristona han sufrido recortes significativos en el \u00faltimo a\u00f1o, dejando la implementaci\u00f3n de la ley a merced de las capacidades provinciales. Esta situaci\u00f3n ha provocado que, en la pr\u00e1ctica, el acceso al derecho sea desigual dependiendo del c\u00f3digo postal de la persona gestante, reviviendo viejas brechas que la ley buscaba subsanar.<\/p>\n\n\n\n<p>Desde el sector salud, profesionales y redes de acompa\u00f1amiento alertan sobre el desmantelamiento de equipos territoriales y la eliminaci\u00f3n de campa\u00f1as oficiales de informaci\u00f3n. &#8220;El sistema de salud est\u00e1 desbordado y la falta de insumos b\u00e1sicos obliga a muchas personas a recurrir nuevamente a redes de socorrismo externas&#8221;, se\u00f1alan fuentes del sector. La ausencia de capacitaci\u00f3n continua para el personal m\u00e9dico y la persistencia de la objeci\u00f3n de conciencia sin una derivaci\u00f3n adecuada son se\u00f1aladas como las principales deudas pendientes de una pol\u00edtica que fue ejemplo a nivel internacional.<\/p>\n\n\n\n<p>En el \u00e1mbito pol\u00edtico, el aniversario ocurre en un contexto de polarizaci\u00f3n donde sectores conservadores han vuelto a poner en duda la legitimidad de la norma. Mientras que las organizaciones de la &#8220;marea verde&#8221; exigen que se garantice el presupuesto para 2026, otros bloques parlamentarios han manifestado su intenci\u00f3n de revisar ciertos aspectos de la ley, alimentando el fantasma de una posible derogaci\u00f3n o limitaci\u00f3n t\u00e9cnica. Este escenario ha reactivado la movilizaci\u00f3n callejera, entendida por las activistas como la \u00fanica garant\u00eda para proteger el derecho adquirido frente a posibles retrocesos legislativos.<\/p>\n\n\n\n<p>El impacto de la Ley IVE en estos cinco a\u00f1os es innegable: las estad\u00edsticas sanitarias iniciales mostraron una reducci\u00f3n dr\u00e1stica en las internaciones por complicaciones de abortos inseguros y una ca\u00edda en la mortalidad materna por causas evitables. No obstante, especialistas advierten que estos logros son reversibles si no se sostiene una pol\u00edtica de Estado activa. El acceso a m\u00e9todos anticonceptivos, otro pilar de la ley, tambi\u00e9n ha registrado mermas en su cobertura, lo que podr\u00eda derivar en un aumento de embarazos no intencionales en los sectores m\u00e1s vulnerables de la sociedad.<\/p>\n\n\n\n<p>La jornada de hoy cierra con una reflexi\u00f3n sobre la sostenibilidad de los derechos civiles en tiempos de crisis econ\u00f3mica. La movilizaci\u00f3n hacia el Congreso no solo busca recordar la hist\u00f3rica votaci\u00f3n de 2020, sino tambi\u00e9n exigir que la salud p\u00fablica sea priorizada en la agenda gubernamental. El futuro de la Ley 27.610 depender\u00e1, en gran medida, de la capacidad de la sociedad civil para vigilar su cumplimiento y de la voluntad pol\u00edtica para asignar los recursos necesarios que transformen el texto legal en una realidad efectiva para todas las personas.<\/p>\n","protected":false},"excerpt":{"rendered":"<p>Este 30 de diciembre se cumple el quinto aniversario de la sanci\u00f3n de la Ley de Interrupci\u00f3n Voluntaria del Embarazo (IVE) en Argentina, un hito que transform\u00f3 la salud p\u00fablica y los derechos reproductivos en la regi\u00f3n. Para conmemorar la fecha, organizaciones feministas y sociales han convocado a una movilizaci\u00f3n hacia el Congreso de la [&hellip;]<\/p>\n","protected":false},"author":2,"featured_media":15488,"comment_status":"open","ping_status":"open","sticky":false,"template":"","format":"standard","meta":{"footnotes":""},"categories":[28],"tags":[],"class_list":{"0":"post-15511","1":"post","2":"type-post","3":"status-publish","4":"format-standard","5":"has-post-thumbnail","7":"category-locales"},"aioseo_notices":[],"_links":{"self":[{"href":"https:\/\/lalupa24.com.ar\/index.php\/wp-json\/wp\/v2\/posts\/15511","targetHints":{"allow":["GET"]}}],"collection":[{"href":"https:\/\/lalupa24.com.ar\/index.php\/wp-json\/wp\/v2\/posts"}],"about":[{"href":"https:\/\/lalupa24.com.ar\/index.php\/wp-json\/wp\/v2\/types\/post"}],"author":[{"embeddable":true,"href":"https:\/\/lalupa24.com.ar\/index.php\/wp-json\/wp\/v2\/users\/2"}],"replies":[{"embeddable":true,"href":"https:\/\/lalupa24.com.ar\/index.php\/wp-json\/wp\/v2\/comments?post=15511"}],"version-history":[{"count":1,"href":"https:\/\/lalupa24.com.ar\/index.php\/wp-json\/wp\/v2\/posts\/15511\/revisions"}],"predecessor-version":[{"id":15512,"href":"https:\/\/lalupa24.com.ar\/index.php\/wp-json\/wp\/v2\/posts\/15511\/revisions\/15512"}],"wp:featuredmedia":[{"embeddable":true,"href":"https:\/\/lalupa24.com.ar\/index.php\/wp-json\/wp\/v2\/media\/15488"}],"wp:attachment":[{"href":"https:\/\/lalupa24.com.ar\/index.php\/wp-json\/wp\/v2\/media?parent=15511"}],"wp:term":[{"taxonomy":"category","embeddable":true,"href":"https:\/\/lalupa24.com.ar\/index.php\/wp-json\/wp\/v2\/categories?post=15511"},{"taxonomy":"post_tag","embeddable":true,"href":"https:\/\/lalupa24.com.ar\/index.php\/wp-json\/wp\/v2\/tags?post=15511"}],"curies":[{"name":"wp","href":"https:\/\/api.w.org\/{rel}","templated":true}]}}