{"id":15558,"date":"2026-01-02T16:35:50","date_gmt":"2026-01-02T19:35:50","guid":{"rendered":"https:\/\/lalupa24.com.ar\/?p=15558"},"modified":"2026-01-02T16:35:51","modified_gmt":"2026-01-02T19:35:51","slug":"tragedia-en-crans-montana-investigaciones-apuntan-a-una-falla-electrica-como-origen-del-incendio-que-dejo-40-muertos","status":"publish","type":"post","link":"https:\/\/lalupa24.com.ar\/index.php\/2026\/01\/02\/tragedia-en-crans-montana-investigaciones-apuntan-a-una-falla-electrica-como-origen-del-incendio-que-dejo-40-muertos\/","title":{"rendered":"TRAGEDIA EN CRANS-MONTANA: INVESTIGACIONES APUNTAN A UNA FALLA EL\u00c9CTRICA COMO ORIGEN DEL INCENDIO QUE DEJ\u00d3 40 MUERTOS"},"content":{"rendered":"\n<p>Suiza se encuentra en estado de conmoci\u00f3n tras el devastador incendio ocurrido en un exclusivo bar de la estaci\u00f3n de esqu\u00ed de Crans-Montana, que ha cobrado la vida de casi 40 personas durante las celebraciones de A\u00f1o Nuevo. Lo que comenz\u00f3 como una noche de festejos en los Alpes se transform\u00f3 en una de las peores tragedias civiles en la historia reciente del pa\u00eds helv\u00e9tico. Las autoridades locales y equipos de rescate trabajaron intensamente bajo condiciones clim\u00e1ticas extremas para recuperar los cuerpos y asegurar la zona, mientras la naci\u00f3n busca respuestas sobre c\u00f3mo un establecimiento de este nivel pudo convertirse en una trampa mortal.<\/p>\n\n\n\n<p>Las primeras peritaciones de los bomberos y expertos en seguridad contra incendios sugieren que el fuego se origin\u00f3 en el sistema el\u00e9ctrico del local, posiblemente sobrecargado por la iluminaci\u00f3n festiva y los sistemas de calefacci\u00f3n. Seg\u00fan informes preliminares de la polic\u00eda del cant\u00f3n de Valais, el fuego se propag\u00f3 con una rapidez inusitada debido a los materiales de construcci\u00f3n predominantemente de madera y a los elementos decorativos inflamables presentes en el interior. Testigos presenciales describieron escenas de caos absoluto, donde la densa humareda y el p\u00e1nico dificultaron el acceso a las salidas de emergencia en los primeros minutos cr\u00edticos.<\/p>\n\n\n\n<p>El an\u00e1lisis de la infraestructura del bar ha generado dudas inmediatas sobre el cumplimiento de las normativas de seguridad vigentes en centros de alta concurrencia. Expertos en protecci\u00f3n civil se\u00f1alan que, en establecimientos de monta\u00f1a, las medidas de evacuaci\u00f3n deben ser particularmente rigurosas debido al aislamiento geogr\u00e1fico y la dificultad de acceso para los servicios de emergencia. La magnitud de la tragedia, con un saldo de v\u00edctimas tan elevado, sugiere que los sistemas de supresi\u00f3n de incendios podr\u00edan haber fallado o haber sido insuficientes para contener un foco \u00edgneo de tal intensidad.<\/p>\n\n\n\n<p>Desde el punto de vista econ\u00f3mico y social, el impacto para la regi\u00f3n de Crans-Montana es profundo. Como uno de los destinos tur\u00edsticos m\u00e1s prestigiosos del mundo, este incidente ha puesto bajo la lupa los est\u00e1ndares de seguridad en toda la industria del esqu\u00ed europea. Las embajadas de varios pa\u00edses est\u00e1n colaborando en la identificaci\u00f3n de las v\u00edctimas, muchas de las cuales eran turistas extranjeros que hab\u00edan viajado a los Alpes para la temporada invernal. La fiscal\u00eda suiza ha iniciado una investigaci\u00f3n criminal de oficio para determinar posibles negligencias por parte de los propietarios o de las empresas de mantenimiento involucradas.<\/p>\n\n\n\n<p>Las autoridades suizas han declarado d\u00edas de luto oficial, mientras la comunidad internacional expresa sus condolencias. Organizaciones de seguridad hotelera han instado a una revisi\u00f3n inmediata de los protocolos de emergencia en establecimientos similares, subrayando que la est\u00e9tica alpina no debe comprometer la integridad de los visitantes. La tragedia resalta la vulnerabilidad de estos espacios cerrados frente a incidentes que, de haber contado con una detecci\u00f3n temprana y sistemas de ventilaci\u00f3n adecuados, podr\u00edan haber tenido un desenlace significativamente menos doloroso.<\/p>\n\n\n\n<p>A medida que avancen las investigaciones en los pr\u00f3ximos d\u00edas, se espera un informe t\u00e9cnico definitivo que detalle las responsabilidades legales y las fallas estructurales espec\u00edficas. Este suceso marcar\u00e1, sin duda, un antes y un despu\u00e9s en la legislaci\u00f3n sobre seguridad en zonas tur\u00edsticas de monta\u00f1a en Suiza y el resto de Europa. La memoria de las 40 v\u00edctimas perdura como un recordatorio urgente de que la prevenci\u00f3n t\u00e9cnica y la vigilancia constante son los \u00fanicos garantes reales de la vida en espacios de alta densidad recreativa.<\/p>\n","protected":false},"excerpt":{"rendered":"<p>Suiza se encuentra en estado de conmoci\u00f3n tras el devastador incendio ocurrido en un exclusivo bar de la estaci\u00f3n de esqu\u00ed de Crans-Montana, que ha cobrado la vida de casi 40 personas durante las celebraciones de A\u00f1o Nuevo. Lo que comenz\u00f3 como una noche de festejos en los Alpes se transform\u00f3 en una de las [&hellip;]<\/p>\n","protected":false},"author":2,"featured_media":15552,"comment_status":"open","ping_status":"open","sticky":false,"template":"","format":"standard","meta":{"footnotes":""},"categories":[25],"tags":[],"class_list":{"0":"post-15558","1":"post","2":"type-post","3":"status-publish","4":"format-standard","5":"has-post-thumbnail","7":"category-internacionales"},"aioseo_notices":[],"_links":{"self":[{"href":"https:\/\/lalupa24.com.ar\/index.php\/wp-json\/wp\/v2\/posts\/15558","targetHints":{"allow":["GET"]}}],"collection":[{"href":"https:\/\/lalupa24.com.ar\/index.php\/wp-json\/wp\/v2\/posts"}],"about":[{"href":"https:\/\/lalupa24.com.ar\/index.php\/wp-json\/wp\/v2\/types\/post"}],"author":[{"embeddable":true,"href":"https:\/\/lalupa24.com.ar\/index.php\/wp-json\/wp\/v2\/users\/2"}],"replies":[{"embeddable":true,"href":"https:\/\/lalupa24.com.ar\/index.php\/wp-json\/wp\/v2\/comments?post=15558"}],"version-history":[{"count":1,"href":"https:\/\/lalupa24.com.ar\/index.php\/wp-json\/wp\/v2\/posts\/15558\/revisions"}],"predecessor-version":[{"id":15559,"href":"https:\/\/lalupa24.com.ar\/index.php\/wp-json\/wp\/v2\/posts\/15558\/revisions\/15559"}],"wp:featuredmedia":[{"embeddable":true,"href":"https:\/\/lalupa24.com.ar\/index.php\/wp-json\/wp\/v2\/media\/15552"}],"wp:attachment":[{"href":"https:\/\/lalupa24.com.ar\/index.php\/wp-json\/wp\/v2\/media?parent=15558"}],"wp:term":[{"taxonomy":"category","embeddable":true,"href":"https:\/\/lalupa24.com.ar\/index.php\/wp-json\/wp\/v2\/categories?post=15558"},{"taxonomy":"post_tag","embeddable":true,"href":"https:\/\/lalupa24.com.ar\/index.php\/wp-json\/wp\/v2\/tags?post=15558"}],"curies":[{"name":"wp","href":"https:\/\/api.w.org\/{rel}","templated":true}]}}