{"id":15590,"date":"2026-01-06T13:15:52","date_gmt":"2026-01-06T16:15:52","guid":{"rendered":"https:\/\/lalupa24.com.ar\/?p=15590"},"modified":"2026-01-06T13:15:53","modified_gmt":"2026-01-06T16:15:53","slug":"sheinbaum-llama-a-la-cooperacion-continental-y-rechaza-el-uso-de-la-fuerza-en-las-relaciones-internacionales","status":"publish","type":"post","link":"https:\/\/lalupa24.com.ar\/index.php\/2026\/01\/06\/sheinbaum-llama-a-la-cooperacion-continental-y-rechaza-el-uso-de-la-fuerza-en-las-relaciones-internacionales\/","title":{"rendered":"Sheinbaum llama a la cooperaci\u00f3n continental y rechaza el uso de la fuerza en las relaciones internacionales"},"content":{"rendered":"\n<p>La mandataria mexicana asegur\u00f3 que \u201clos recursos naturales de cualquier Estado o naci\u00f3n son parte de la soberan\u00eda de las naciones\u201d.<\/p>\n\n\n\n<p>La presidenta de M\u00e9xico, Claudia Sheinbaum, hizo un llamado a la integraci\u00f3n continental fundamentada en la soberan\u00eda, el bienestar social y la cooperaci\u00f3n, en el contexto de la reciente operaci\u00f3n militar de Estados Unidos en Venezuela.<\/p>\n\n\n\n<p>Durante una conferencia que brind\u00f3 el lunes en el Palacio Nacional en la Ciudad de M\u00e9xico, Sheinbaum subray\u00f3 que el uso de la fuerza no debe ser el eje de las relaciones internacionales en el siglo XXI.<\/p>\n\n\n\n<p>La mandataria remarc\u00f3 que &#8220;los recursos naturales de cualquier Estado o naci\u00f3n son parte de la soberan\u00eda de las naciones y es el pueblo y sus gobiernos quienes deben definir c\u00f3mo se utilizan estos recursos naturales&#8221;, en referencia a los dichos del presidente estadounidense, Donald Trump, sobre el petr\u00f3leo venezolano.<\/p>\n\n\n\n<p>Adem\u00e1s, Sheinbaum habl\u00f3 de fortalecer al continente americano como un bloque econ\u00f3mico, desde Canad\u00e1 hasta la Patagonia, incluyendo el Caribe.<\/p>\n\n\n\n<p>&#8220;Nuestra visi\u00f3n es que no es con la fuerza ni con la visi\u00f3n de un solo Estado, sino es la cooperaci\u00f3n para el desarrollo de todos los estados que componen el continente&#8221;, expres\u00f3 la mandataria, quien consider\u00f3 que eso dar\u00eda una fortaleza econ\u00f3mica enorme a Am\u00e9rica Latina y, en general, a todo el continente americano.<\/p>\n\n\n\n<p>La presidenta mexicana tambi\u00e9n inform\u00f3 que sostuvo conversaciones telef\u00f3nicas con l\u00edderes iberoamericanos, entre ellos el presidente del Gobierno espa\u00f1ol, Pedro S\u00e1nchez, y el mandatario colombiano, Gustavo Petro, para coordinar un posicionamiento conjunto en rechazo al ataque militar estadounidense en Venezuela y en defensa de la soberan\u00eda regional.<\/p>\n\n\n\n<p>Mencion\u00f3 asimismo la reuni\u00f3n de cancilleres de la Comunidad de Estados Latinoamericanos y Caribe\u00f1os (CELAC) realizada la v\u00edspera, y dijo que este martes continuar\u00e1n las reuniones.<\/p>\n\n\n\n<p>&#8220;Ma\u00f1ana (martes) hay una reuni\u00f3n de la OEA (Organizaci\u00f3n de los Estados Americanos) y, pues, esta visi\u00f3n que no debe ser por la fuerza, sino siempre con el di\u00e1logo y el entendimiento&#8221;, expres\u00f3 Sheinbaum.<\/p>\n","protected":false},"excerpt":{"rendered":"<p>La mandataria mexicana asegur\u00f3 que \u201clos recursos naturales de cualquier Estado o naci\u00f3n son parte de la soberan\u00eda de las naciones\u201d. La presidenta de M\u00e9xico, Claudia Sheinbaum, hizo un llamado a la integraci\u00f3n continental fundamentada en la soberan\u00eda, el bienestar social y la cooperaci\u00f3n, en el contexto de la reciente operaci\u00f3n militar de Estados Unidos [&hellip;]<\/p>\n","protected":false},"author":11,"featured_media":15591,"comment_status":"open","ping_status":"open","sticky":false,"template":"","format":"standard","meta":{"footnotes":""},"categories":[25],"tags":[],"class_list":{"0":"post-15590","1":"post","2":"type-post","3":"status-publish","4":"format-standard","5":"has-post-thumbnail","7":"category-internacionales"},"aioseo_notices":[],"_links":{"self":[{"href":"https:\/\/lalupa24.com.ar\/index.php\/wp-json\/wp\/v2\/posts\/15590","targetHints":{"allow":["GET"]}}],"collection":[{"href":"https:\/\/lalupa24.com.ar\/index.php\/wp-json\/wp\/v2\/posts"}],"about":[{"href":"https:\/\/lalupa24.com.ar\/index.php\/wp-json\/wp\/v2\/types\/post"}],"author":[{"embeddable":true,"href":"https:\/\/lalupa24.com.ar\/index.php\/wp-json\/wp\/v2\/users\/11"}],"replies":[{"embeddable":true,"href":"https:\/\/lalupa24.com.ar\/index.php\/wp-json\/wp\/v2\/comments?post=15590"}],"version-history":[{"count":1,"href":"https:\/\/lalupa24.com.ar\/index.php\/wp-json\/wp\/v2\/posts\/15590\/revisions"}],"predecessor-version":[{"id":15592,"href":"https:\/\/lalupa24.com.ar\/index.php\/wp-json\/wp\/v2\/posts\/15590\/revisions\/15592"}],"wp:featuredmedia":[{"embeddable":true,"href":"https:\/\/lalupa24.com.ar\/index.php\/wp-json\/wp\/v2\/media\/15591"}],"wp:attachment":[{"href":"https:\/\/lalupa24.com.ar\/index.php\/wp-json\/wp\/v2\/media?parent=15590"}],"wp:term":[{"taxonomy":"category","embeddable":true,"href":"https:\/\/lalupa24.com.ar\/index.php\/wp-json\/wp\/v2\/categories?post=15590"},{"taxonomy":"post_tag","embeddable":true,"href":"https:\/\/lalupa24.com.ar\/index.php\/wp-json\/wp\/v2\/tags?post=15590"}],"curies":[{"name":"wp","href":"https:\/\/api.w.org\/{rel}","templated":true}]}}