{"id":15602,"date":"2026-01-07T13:19:09","date_gmt":"2026-01-07T16:19:09","guid":{"rendered":"https:\/\/lalupa24.com.ar\/?p=15602"},"modified":"2026-01-07T13:19:10","modified_gmt":"2026-01-07T16:19:10","slug":"milei-descarto-romper-lazos-comerciales-con-china-a-pesar-del-respaldo-a-ee-uu","status":"publish","type":"post","link":"https:\/\/lalupa24.com.ar\/index.php\/2026\/01\/07\/milei-descarto-romper-lazos-comerciales-con-china-a-pesar-del-respaldo-a-ee-uu\/","title":{"rendered":"Milei descart\u00f3 romper lazos comerciales con China, a pesar del respaldo a EE.UU."},"content":{"rendered":"\n<p>Sostuvo que est\u00e1 &#8220;profundamente alineado geopol\u00edticamente&#8221; con la gesti\u00f3n de Donald Trump. Por otra parte, destac\u00f3 el trabajo de su ministro Diego Santilli.<\/p>\n\n\n\n<p>El presidente Javier Milei ratific\u00f3 su respaldo a los Estados Unidos tras la captura del mandatario de Venezuela, Nicol\u00e1s Maduro, pero descart\u00f3 que vaya a romper lazos comerciales con China.<\/p>\n\n\n\n<p>Milei sostuvo que est\u00e1 &#8220;profundamente alineado geopol\u00edticamente&#8221; con la gesti\u00f3n de Donald Trump y remarc\u00f3: &#8220;Si uno no es expl\u00edcito, despu\u00e9s hacen lecturas perversas\u201d.<\/p>\n\n\n\n<p>El mandatario argentino dijo que es una &#8220;estupidez&#8221; que sectores de la pol\u00edtica cuestionen que \u201cEstados Unidos se quiere apropiar del petr\u00f3leo\u201d porque \u201clo que determina la riqueza es el respeto a la propiedad privada, la vida y las instituciones\u201d.<\/p>\n\n\n\n<p>&#8220;Murieron 40 personas en esta operaci\u00f3n quir\u00fargica, en un nivel de precisi\u00f3n admirable, y 32 eran cubanos que no estaban de paseo en Venezuela, sino agentes militares. Est\u00e1bamos hablando de una dictadura. Ya en 2007 hab\u00eda empezado a tener grietas este narcoestado terrorista. Hoy el terrorismo tiene distintas facetas y ha financiado a pol\u00edticos, medios de comunicaci\u00f3n, periodistas, empresaurios, Por eso hay tanta gente preocupada por lo que pasa en Venezuela&#8221;, detall\u00f3.<\/p>\n\n\n\n<p>En declaraciones por streaming en Neura, Milei aval\u00f3 que los Estados Unidos tomen el control del petr\u00f3leo de Venezuela y se\u00f1al\u00f3: &#8220;El tema es para cortarle el suministro a los comunistas. Y no solo por el lado del petr\u00f3leo, porque me parece extra\u00f1o que todos los que se preocupan no dijeron nada cuando se lo llevaban Cuba o Ir\u00e1n. Es raro. No se puede esperar honestidad intelectual de la gente de izquierda&#8221;.<\/p>\n\n\n\n<p>&#8220;Usaban la log\u00edstica de PDVSA (Petr\u00f3leos de Venezuela) para el narcotr\u00e1fico y el motivo por el cual Estados Unidos lo saca a Maduro de Venezuela tiene que ver con eso&#8221;, a\u00f1adi\u00f3 despu\u00e9s.<\/p>\n\n\n\n<p>Milei defini\u00f3 como \u201ccosas dantescas\u201d que grupos de venezolanos que se fueron de su pa\u00eds festejaron la captura de Maduro y sectores de izquierda \u201cse quejaran\u201d.<\/p>\n\n\n\n<p>\u201cNo hay nada m\u00e1s rid\u00edculo que ver a un zurdo que est\u00e1n mal por festejar la ca\u00edda del dictador. Los que vivieron el comunismo lo odian.<\/p>\n\n\n\n<p>Solamente lo aman los zurdos con OSDE. No tenemos que dejar de lado el tema de la violaci\u00f3n de los derechos humanos y la tortura. Lo que es el Helicoide. Tampoco se olviden que tenemos a nuestro gendarme Nahuel Gallo\u201d, explic\u00f3.<\/p>\n\n\n\n<p>Asimismo, elogi\u00f3 la tarea de su flamante ministro del Interior, Diego Santilli, y asegur\u00f3: \u201cEst\u00e1 llevando a cabo una gesti\u00f3n extraordinaria porque aunque Mart\u00edn Menem o Patricia Bullrich son las caras m\u00e1s visibles, el gran trabajo de todo el ala pol\u00edtica es muy importante para que esto salga adelante\u201d.<\/p>\n\n\n\n<p>Tambi\u00e9n destac\u00f3 la aprobaci\u00f3n de los proyectos que envi\u00f3 al Congreso, como la ley de Presupuesto 2026 y de inocencia fiscal, las cuales fueron promulgadas a principio de mes.<\/p>\n\n\n\n<p>\u201cEn la campa\u00f1a promet\u00ed cinco reformas y ya las met\u00ed todas. Terminan las sesiones extraordinarias y est\u00e1n todas adentro\u201d, indic\u00f3.<\/p>\n\n\n\n<p>Asimismo, agreg\u00f3: \u201cEl 1\u00b0 de marzo comenzamos con el Consejo de Mayo, que es una de las partecitas porque, una vez que termine, seguimos con las otras reformas. No vamos a parar&#8221;.<\/p>\n\n\n\n<p>En ese sentido, consider\u00f3 vital el resultado de las elecciones legislativas del a\u00f1o pasado, ya que sin el n\u00famero de legisladores que consigui\u00f3 en ambas c\u00e1maras hubiese sido m\u00e1s dif\u00edcil para el oficialismo.<\/p>\n\n\n\n<p>\u201cEn el Senado ya hay dictamen tanto para la modernizaci\u00f3n laboral como para la ley de glaciares. Estimo que va a estar entrando por Diputados la reforma tributaria y el nuevo c\u00f3digo penal\u201d, detall\u00f3.<\/p>\n\n\n\n<p>Y sobre la ley de inocencia fiscal agreg\u00f3: \u201cA los argentinos, desde que existe el Banco Central, se nos estaf\u00f3 con el se\u00f1oraje, que es una falsificaci\u00f3n de dinero&#8221;.<\/p>\n","protected":false},"excerpt":{"rendered":"<p>Sostuvo que est\u00e1 &#8220;profundamente alineado geopol\u00edticamente&#8221; con la gesti\u00f3n de Donald Trump. Por otra parte, destac\u00f3 el trabajo de su ministro Diego Santilli. El presidente Javier Milei ratific\u00f3 su respaldo a los Estados Unidos tras la captura del mandatario de Venezuela, Nicol\u00e1s Maduro, pero descart\u00f3 que vaya a romper lazos comerciales con China. Milei sostuvo [&hellip;]<\/p>\n","protected":false},"author":11,"featured_media":15603,"comment_status":"open","ping_status":"open","sticky":false,"template":"","format":"standard","meta":{"footnotes":""},"categories":[26],"tags":[],"class_list":{"0":"post-15602","1":"post","2":"type-post","3":"status-publish","4":"format-standard","5":"has-post-thumbnail","7":"category-nacionales"},"aioseo_notices":[],"_links":{"self":[{"href":"https:\/\/lalupa24.com.ar\/index.php\/wp-json\/wp\/v2\/posts\/15602","targetHints":{"allow":["GET"]}}],"collection":[{"href":"https:\/\/lalupa24.com.ar\/index.php\/wp-json\/wp\/v2\/posts"}],"about":[{"href":"https:\/\/lalupa24.com.ar\/index.php\/wp-json\/wp\/v2\/types\/post"}],"author":[{"embeddable":true,"href":"https:\/\/lalupa24.com.ar\/index.php\/wp-json\/wp\/v2\/users\/11"}],"replies":[{"embeddable":true,"href":"https:\/\/lalupa24.com.ar\/index.php\/wp-json\/wp\/v2\/comments?post=15602"}],"version-history":[{"count":1,"href":"https:\/\/lalupa24.com.ar\/index.php\/wp-json\/wp\/v2\/posts\/15602\/revisions"}],"predecessor-version":[{"id":15604,"href":"https:\/\/lalupa24.com.ar\/index.php\/wp-json\/wp\/v2\/posts\/15602\/revisions\/15604"}],"wp:featuredmedia":[{"embeddable":true,"href":"https:\/\/lalupa24.com.ar\/index.php\/wp-json\/wp\/v2\/media\/15603"}],"wp:attachment":[{"href":"https:\/\/lalupa24.com.ar\/index.php\/wp-json\/wp\/v2\/media?parent=15602"}],"wp:term":[{"taxonomy":"category","embeddable":true,"href":"https:\/\/lalupa24.com.ar\/index.php\/wp-json\/wp\/v2\/categories?post=15602"},{"taxonomy":"post_tag","embeddable":true,"href":"https:\/\/lalupa24.com.ar\/index.php\/wp-json\/wp\/v2\/tags?post=15602"}],"curies":[{"name":"wp","href":"https:\/\/api.w.org\/{rel}","templated":true}]}}