{"id":15608,"date":"2026-01-08T13:09:57","date_gmt":"2026-01-08T16:09:57","guid":{"rendered":"https:\/\/lalupa24.com.ar\/?p=15608"},"modified":"2026-01-08T13:09:58","modified_gmt":"2026-01-08T16:09:58","slug":"chaco-y-mendoza-las-proximas-paradas-de-santilli-en-la-busqueda-de-apoyos-por-la-reforma-laboral","status":"publish","type":"post","link":"https:\/\/lalupa24.com.ar\/index.php\/2026\/01\/08\/chaco-y-mendoza-las-proximas-paradas-de-santilli-en-la-busqueda-de-apoyos-por-la-reforma-laboral\/","title":{"rendered":"Chaco y Mendoza, las pr\u00f3ximas paradas de Santilli en la b\u00fasqueda de apoyos por la Reforma Laboral"},"content":{"rendered":"\n<p>Reforma Laboral<\/p>\n\n\n\n<p>Tras su visita a Chubut, el ministro del Interior continuar\u00e1 con sus recorridas en v\u00edsperas del inicio de las sesiones extraordinarias.<\/p>\n\n\n\n<p>El ministro del Interior, Diego Santilli, continuar\u00e1 con sus recorridas por el interior del pa\u00eds en b\u00fasqueda de los consensos necesarios que le permitan aprobar la Reforma Laboral por las provincias de Chaco y Mendoza.<\/p>\n\n\n\n<p>Seg\u00fan supo la agencia Noticias Argentinas, el pr\u00f3ximo lunes viajar\u00e1 a Resistencia para entrevistarse con el gobernador Leandro Zdero y el jueves har\u00e1 lo propio en Mendoza junto a Alfredo Cornejo.<\/p>\n\n\n\n<p>El pasado mi\u00e9rcoles, el funcionario recorri\u00f3 las zonas afectadas por los incendios en las localidades de El Hoyo y de Epuy\u00e9n, en la provincia de Chubut, junto al gobernador Ignacio Torres para supervisar el operativo y el despliegue de los equipos que trabajan para contener el fuego y asistir a los vecinos afectados.<\/p>\n\n\n\n<p>\u201cQuiero destacar el trabajo conjunto ante una situaci\u00f3n de gravedad absoluta y celebro que el gobernador vaya a fondo en la b\u00fasqueda de estos criminales que destruyen \u00e1reas naturales, trabajos y familias. Tenemos que dar el ejemplo en estas situaciones para que no se repitan\u201d, sostuvo en una rueda de prensa.<\/p>\n\n\n\n<p>Asimismo, el interlocutor del Ejecutivo retorn\u00f3 a la Ciudad de Buenos Aires con el compromiso de Chubut de apoyar la Reforma del C\u00f3digo Penal, pero sin garant\u00edas respecto del proyecto de \u201cModernizaci\u00f3n\u201d Laboral.<\/p>\n\n\n\n<p>En su plan de visitar todas las provincias, Santilli intensificar\u00e1 sus esfuerzos para cumplir con la meta autoimpuesta de concretar reuniones con 10 gobernadores durante el mes de enero en la b\u00fasqueda de los acuerdos que le permitan anotarse un nuevo triunfo legislativo.<\/p>\n\n\n\n<p>En paralelo, la mesa pol\u00edtica que coordina el jefe de Gabinete, Manuel Adorni, y que integran el asesor presidencial, Santiago Caputo; la jefa de bloque de La Libertad Avanza en el Senado, Patricia Bullrich; el titular de la C\u00e1mara de Diputados, Mart\u00edn Menem; el armador Eduardo \u201cLule\u201d Menem; y el secretario de Asuntos Estrat\u00e9gicos de la Jefatura de Gabinete, Ignacio Devitt, volver\u00e1 a reunirse la pr\u00f3xima semana.<\/p>\n\n\n\n<p>Por su parte, el Senado ser\u00e1 sede de un debate en torno al proyecto que liderar\u00e1 la abogada Josefina Tajes para discutir y estudiar las objeciones de los sectores que proponen alternativas. Adem\u00e1s, el 26 del mismo mes, los senadores deber\u00e1n debatir sobre la tem\u00e1tica con intenci\u00f3n de poder dar lugar al tratamiento previsto para los primeros d\u00edas del mes de enero.<\/p>\n","protected":false},"excerpt":{"rendered":"<p>Reforma Laboral Tras su visita a Chubut, el ministro del Interior continuar\u00e1 con sus recorridas en v\u00edsperas del inicio de las sesiones extraordinarias. El ministro del Interior, Diego Santilli, continuar\u00e1 con sus recorridas por el interior del pa\u00eds en b\u00fasqueda de los consensos necesarios que le permitan aprobar la Reforma Laboral por las provincias de [&hellip;]<\/p>\n","protected":false},"author":11,"featured_media":14210,"comment_status":"open","ping_status":"open","sticky":false,"template":"","format":"standard","meta":{"footnotes":""},"categories":[26],"tags":[],"class_list":{"0":"post-15608","1":"post","2":"type-post","3":"status-publish","4":"format-standard","5":"has-post-thumbnail","7":"category-nacionales"},"aioseo_notices":[],"_links":{"self":[{"href":"https:\/\/lalupa24.com.ar\/index.php\/wp-json\/wp\/v2\/posts\/15608","targetHints":{"allow":["GET"]}}],"collection":[{"href":"https:\/\/lalupa24.com.ar\/index.php\/wp-json\/wp\/v2\/posts"}],"about":[{"href":"https:\/\/lalupa24.com.ar\/index.php\/wp-json\/wp\/v2\/types\/post"}],"author":[{"embeddable":true,"href":"https:\/\/lalupa24.com.ar\/index.php\/wp-json\/wp\/v2\/users\/11"}],"replies":[{"embeddable":true,"href":"https:\/\/lalupa24.com.ar\/index.php\/wp-json\/wp\/v2\/comments?post=15608"}],"version-history":[{"count":1,"href":"https:\/\/lalupa24.com.ar\/index.php\/wp-json\/wp\/v2\/posts\/15608\/revisions"}],"predecessor-version":[{"id":15609,"href":"https:\/\/lalupa24.com.ar\/index.php\/wp-json\/wp\/v2\/posts\/15608\/revisions\/15609"}],"wp:featuredmedia":[{"embeddable":true,"href":"https:\/\/lalupa24.com.ar\/index.php\/wp-json\/wp\/v2\/media\/14210"}],"wp:attachment":[{"href":"https:\/\/lalupa24.com.ar\/index.php\/wp-json\/wp\/v2\/media?parent=15608"}],"wp:term":[{"taxonomy":"category","embeddable":true,"href":"https:\/\/lalupa24.com.ar\/index.php\/wp-json\/wp\/v2\/categories?post=15608"},{"taxonomy":"post_tag","embeddable":true,"href":"https:\/\/lalupa24.com.ar\/index.php\/wp-json\/wp\/v2\/tags?post=15608"}],"curies":[{"name":"wp","href":"https:\/\/api.w.org\/{rel}","templated":true}]}}