{"id":15641,"date":"2026-01-08T14:35:28","date_gmt":"2026-01-08T17:35:28","guid":{"rendered":"https:\/\/lalupa24.com.ar\/?p=15641"},"modified":"2026-01-08T14:35:29","modified_gmt":"2026-01-08T17:35:29","slug":"refuerzo-de-jerarquia-para-gustavo-costas-valentin-carboni-se-integra-a-la-pretemporada-de-racing-club","status":"publish","type":"post","link":"https:\/\/lalupa24.com.ar\/index.php\/2026\/01\/08\/refuerzo-de-jerarquia-para-gustavo-costas-valentin-carboni-se-integra-a-la-pretemporada-de-racing-club\/","title":{"rendered":"REFUERZO DE JERARQU\u00cdA PARA GUSTAVO COSTAS: VALENT\u00cdN CARBONI SE INTEGRA A LA PRETEMPORADA DE RACING CLUB"},"content":{"rendered":"\n<p>Racing Club ha recibido una de las noticias m\u00e1s esperadas por su cuerpo t\u00e9cnico y su afici\u00f3n en el inicio de este ciclo competitivo: Valent\u00edn Carboni ya se encuentra bajo las \u00f3rdenes de Gustavo Costas. El joven mediapunta, cuya llegada gener\u00f3 una enorme expectativa debido a su proyecci\u00f3n internacional y su reciente paso por el f\u00fatbol europeo, se sum\u00f3 formalmente a los trabajos de pretemporada. Su incorporaci\u00f3n no solo jerarquiza el plantel acad\u00e9mico, sino que ofrece una variante creativa fundamental para un equipo que aspira a ser protagonista en todos los frentes durante este 2026.<\/p>\n\n\n\n<p>La llegada de Carboni se produce tras una serie de gestiones que subrayan la ambici\u00f3n de la dirigencia de Racing por conformar un equipo altamente competitivo. Seg\u00fan analistas del mercado de pases, el jugador representa ese &#8220;salto de calidad&#8221; necesario para la generaci\u00f3n de juego, aportando una visi\u00f3n de campo y una t\u00e9cnica individual que escasean en el \u00e1mbito local. Su capacidad para romper l\u00edneas y asistir a los delanteros es vista por el entrenador como el complemento ideal para el esquema ofensivo que busca consolidar en esta nueva etapa.<\/p>\n\n\n\n<p>Durante su primera jornada de trabajo, el futbolista realiz\u00f3 movimientos de adaptaci\u00f3n y se someti\u00f3 a las evaluaciones f\u00edsicas de rigor supervisadas por el cuerpo m\u00e9dico del club. De acuerdo a fuentes cercanas al departamento de f\u00fatbol, Carboni llega en \u00f3ptimas condiciones, lo que permitir\u00e1 que su integraci\u00f3n a las pr\u00e1cticas de f\u00fatbol formal sea inmediata. Esta celeridad en su puesta a punto es clave, considerando que Racing tiene por delante un calendario exigente que incluye compromisos internacionales donde el aporte de jugadores con roce europeo suele marcar la diferencia.<\/p>\n\n\n\n<p>Gustavo Costas ha manifestado en reiteradas ocasiones la necesidad de contar con futbolistas que posean &#8220;hambre de gloria&#8221; y sentido de pertenencia, cualidades que Carboni parece encarnar a pesar de su juventud. Expertos en t\u00e1ctica deportiva se\u00f1alan que su posicionamiento como enlace o extremo volcado hacia el centro podr\u00eda liberar de responsabilidades defensivas a otros volantes, permitiendo una fluidez mayor en la transici\u00f3n de defensa a ataque. La expectativa radica en c\u00f3mo se acoplar\u00e1 con los referentes del \u00e1rea para maximizar el potencial goleador del equipo.<\/p>\n\n\n\n<p>La repercusi\u00f3n social y econ\u00f3mica de este fichaje tambi\u00e9n es significativa para la instituci\u00f3n de Avellaneda. En un contexto donde los clubes argentinos compiten ferozmente por repatriar talentos, la elecci\u00f3n de Carboni por Racing fortalece la imagen del club como un destino atractivo para los futbolistas de Selecci\u00f3n. Informes financieros del sector deportivo sugieren que este tipo de incorporaciones suelen verse reflejadas en un incremento de la masa societaria y en una mayor valoraci\u00f3n de los derechos de patrocinio, potenciando el valor de mercado global de la plantilla.<\/p>\n\n\n\n<p>Con la mira puesta en el inicio del campeonato y las copas continentales, Racing Club inicia una nueva fase de su preparaci\u00f3n con una pieza estrat\u00e9gica ya instalada en su esquema. El impacto futuro de Valent\u00edn Carboni en el funcionamiento colectivo ser\u00e1, sin duda, uno de los focos de atenci\u00f3n para la prensa especializada y los hinchas. De cumplir con las expectativas proyectadas, el juvenil podr\u00eda convertirse en el eje sobre el cual gire el \u00e9xito deportivo de la Academia en un a\u00f1o que se perfila como trascendental para las aspiraciones del club.<\/p>\n","protected":false},"excerpt":{"rendered":"<p>Racing Club ha recibido una de las noticias m\u00e1s esperadas por su cuerpo t\u00e9cnico y su afici\u00f3n en el inicio de este ciclo competitivo: Valent\u00edn Carboni ya se encuentra bajo las \u00f3rdenes de Gustavo Costas. El joven mediapunta, cuya llegada gener\u00f3 una enorme expectativa debido a su proyecci\u00f3n internacional y su reciente paso por el [&hellip;]<\/p>\n","protected":false},"author":2,"featured_media":15635,"comment_status":"open","ping_status":"open","sticky":false,"template":"","format":"standard","meta":{"footnotes":""},"categories":[100],"tags":[],"class_list":{"0":"post-15641","1":"post","2":"type-post","3":"status-publish","4":"format-standard","5":"has-post-thumbnail","7":"category-deportes"},"aioseo_notices":[],"_links":{"self":[{"href":"https:\/\/lalupa24.com.ar\/index.php\/wp-json\/wp\/v2\/posts\/15641","targetHints":{"allow":["GET"]}}],"collection":[{"href":"https:\/\/lalupa24.com.ar\/index.php\/wp-json\/wp\/v2\/posts"}],"about":[{"href":"https:\/\/lalupa24.com.ar\/index.php\/wp-json\/wp\/v2\/types\/post"}],"author":[{"embeddable":true,"href":"https:\/\/lalupa24.com.ar\/index.php\/wp-json\/wp\/v2\/users\/2"}],"replies":[{"embeddable":true,"href":"https:\/\/lalupa24.com.ar\/index.php\/wp-json\/wp\/v2\/comments?post=15641"}],"version-history":[{"count":1,"href":"https:\/\/lalupa24.com.ar\/index.php\/wp-json\/wp\/v2\/posts\/15641\/revisions"}],"predecessor-version":[{"id":15642,"href":"https:\/\/lalupa24.com.ar\/index.php\/wp-json\/wp\/v2\/posts\/15641\/revisions\/15642"}],"wp:featuredmedia":[{"embeddable":true,"href":"https:\/\/lalupa24.com.ar\/index.php\/wp-json\/wp\/v2\/media\/15635"}],"wp:attachment":[{"href":"https:\/\/lalupa24.com.ar\/index.php\/wp-json\/wp\/v2\/media?parent=15641"}],"wp:term":[{"taxonomy":"category","embeddable":true,"href":"https:\/\/lalupa24.com.ar\/index.php\/wp-json\/wp\/v2\/categories?post=15641"},{"taxonomy":"post_tag","embeddable":true,"href":"https:\/\/lalupa24.com.ar\/index.php\/wp-json\/wp\/v2\/tags?post=15641"}],"curies":[{"name":"wp","href":"https:\/\/api.w.org\/{rel}","templated":true}]}}