{"id":15666,"date":"2026-01-08T14:47:20","date_gmt":"2026-01-08T17:47:20","guid":{"rendered":"https:\/\/lalupa24.com.ar\/?p=15666"},"modified":"2026-01-08T14:47:21","modified_gmt":"2026-01-08T17:47:21","slug":"cifras-de-represion-el-balance-de-los-detenidos-por-motivos-politicos-en-venezuela","status":"publish","type":"post","link":"https:\/\/lalupa24.com.ar\/index.php\/2026\/01\/08\/cifras-de-represion-el-balance-de-los-detenidos-por-motivos-politicos-en-venezuela\/","title":{"rendered":"CIFRAS DE REPRESI\u00d3N: EL BALANCE DE LOS DETENIDOS POR MOTIVOS POL\u00cdTICOS EN VENEZUELA"},"content":{"rendered":"\n<p>A pesar del reciente anuncio de liberaciones, el n\u00famero de presos pol\u00edticos en Venezuela contin\u00faa siendo uno de los m\u00e1s altos de la regi\u00f3n, con cifras que reflejan la profundidad de la crisis institucional que atraviesa el pa\u00eds. Organizaciones no gubernamentales y organismos internacionales han documentado una estructura de detenciones arbitrarias que se ha mantenido constante durante los \u00faltimos a\u00f1os. Este recuento no solo incluye a figuras pol\u00edticas de renombre, sino tambi\u00e9n a militares, estudiantes y activistas de derechos humanos que permanecen en centros de reclusi\u00f3n civiles y militares bajo condiciones denunciadas sistem\u00e1ticamente.<\/p>\n\n\n\n<p>De acuerdo con los \u00faltimos informes de la ONG Foro Penal, la cifra de encarcelados antes de los anuncios de este jueves superaba los cientos de individuos, categorizados en su mayor\u00eda bajo cargos de conspiraci\u00f3n, traici\u00f3n a la patria e instigaci\u00f3n al odio. Estos datos son contrastados regularmente por la Misi\u00f3n de Determinaci\u00f3n de Hechos de la ONU, que ha se\u00f1alado patrones de persecuci\u00f3n pol\u00edtica dise\u00f1ados para desarticular la disidencia organizada. La discrepancia entre las cifras oficiales del Ministerio P\u00fablico y las de las organizaciones civiles sigue siendo un punto de fricci\u00f3n fundamental en el debate sobre la justicia en Venezuela.<\/p>\n\n\n\n<p>El an\u00e1lisis de la poblaci\u00f3n penitenciaria pol\u00edtica revela una alarmante tendencia hacia la prolongaci\u00f3n de la prisi\u00f3n preventiva sin juicio. Muchos de los detenidos han superado los l\u00edmites legales de detenci\u00f3n sin recibir una sentencia firme, lo que expertos legales califican como una &#8220;pena anticipada&#8221; que viola el debido proceso. Esta situaci\u00f3n se agrava por el estado de las instalaciones penitenciarias como El Helicoide o Ramo Verde, donde se han reportado deficiencias graves en el acceso a servicios de salud y alimentaci\u00f3n para los privados de libertad por razones ideol\u00f3gicas.<\/p>\n\n\n\n<p>Las implicaciones sociales de estas detenciones se extienden a los n\u00facleos familiares, que enfrentan no solo el estigma social sino tambi\u00e9n la carga econ\u00f3mica que supone mantener a un familiar en el sistema carcelario venezolano. Soci\u00f3logos especializados en conflicto se\u00f1alan que la existencia de presos pol\u00edticos act\u00faa como un mecanismo de control social por el miedo, inhibiendo la participaci\u00f3n ciudadana en la esfera p\u00fablica. La resiliencia de las organizaciones de familiares ha sido, sin embargo, el motor principal que mantiene el tema en la agenda de los organismos multilaterales como la OEA y la Uni\u00f3n Europea.<\/p>\n\n\n\n<p>En el \u00e1mbito internacional, la base de datos de presos pol\u00edticos venezolanos es una herramienta clave para la aplicaci\u00f3n de sanciones individuales contra funcionarios se\u00f1alados por violaciones de derechos humanos. Los gobiernos extranjeros utilizan estos listados para presionar por cambios democr\u00e1ticos, argumentando que no puede haber elecciones libres ni transparencia institucional mientras existan ciudadanos tras las rejas por sus ideas. La precisi\u00f3n en el conteo de estas v\u00edctimas es, por lo tanto, un asunto de relevancia diplom\u00e1tica de primer orden que influye directamente en la pol\u00edtica exterior de los pa\u00edses vecinos.<\/p>\n\n\n\n<p>El cierre de este cap\u00edtulo depender\u00e1 de la voluntad pol\u00edtica para desmantelar las estructuras de persecuci\u00f3n y permitir una observaci\u00f3n internacional independiente en las c\u00e1rceles. Mientras el n\u00famero de presos no llegue a cero de manera sostenida, Venezuela seguir\u00e1 bajo el escrutinio global por el uso del sistema judicial como herramienta de represi\u00f3n. La sociedad civil permanece alerta, entendiendo que la libertad de los detenidos es el requisito m\u00ednimo para iniciar cualquier proceso de reconciliaci\u00f3n nacional genuino y duradero que permita al pa\u00eds salir de su prolongado estancamiento.<\/p>\n","protected":false},"excerpt":{"rendered":"<p>A pesar del reciente anuncio de liberaciones, el n\u00famero de presos pol\u00edticos en Venezuela contin\u00faa siendo uno de los m\u00e1s altos de la regi\u00f3n, con cifras que reflejan la profundidad de la crisis institucional que atraviesa el pa\u00eds. Organizaciones no gubernamentales y organismos internacionales han documentado una estructura de detenciones arbitrarias que se ha mantenido [&hellip;]<\/p>\n","protected":false},"author":2,"featured_media":15659,"comment_status":"open","ping_status":"open","sticky":false,"template":"","format":"standard","meta":{"footnotes":""},"categories":[25],"tags":[],"class_list":{"0":"post-15666","1":"post","2":"type-post","3":"status-publish","4":"format-standard","5":"has-post-thumbnail","7":"category-internacionales"},"aioseo_notices":[],"_links":{"self":[{"href":"https:\/\/lalupa24.com.ar\/index.php\/wp-json\/wp\/v2\/posts\/15666","targetHints":{"allow":["GET"]}}],"collection":[{"href":"https:\/\/lalupa24.com.ar\/index.php\/wp-json\/wp\/v2\/posts"}],"about":[{"href":"https:\/\/lalupa24.com.ar\/index.php\/wp-json\/wp\/v2\/types\/post"}],"author":[{"embeddable":true,"href":"https:\/\/lalupa24.com.ar\/index.php\/wp-json\/wp\/v2\/users\/2"}],"replies":[{"embeddable":true,"href":"https:\/\/lalupa24.com.ar\/index.php\/wp-json\/wp\/v2\/comments?post=15666"}],"version-history":[{"count":1,"href":"https:\/\/lalupa24.com.ar\/index.php\/wp-json\/wp\/v2\/posts\/15666\/revisions"}],"predecessor-version":[{"id":15667,"href":"https:\/\/lalupa24.com.ar\/index.php\/wp-json\/wp\/v2\/posts\/15666\/revisions\/15667"}],"wp:featuredmedia":[{"embeddable":true,"href":"https:\/\/lalupa24.com.ar\/index.php\/wp-json\/wp\/v2\/media\/15659"}],"wp:attachment":[{"href":"https:\/\/lalupa24.com.ar\/index.php\/wp-json\/wp\/v2\/media?parent=15666"}],"wp:term":[{"taxonomy":"category","embeddable":true,"href":"https:\/\/lalupa24.com.ar\/index.php\/wp-json\/wp\/v2\/categories?post=15666"},{"taxonomy":"post_tag","embeddable":true,"href":"https:\/\/lalupa24.com.ar\/index.php\/wp-json\/wp\/v2\/tags?post=15666"}],"curies":[{"name":"wp","href":"https:\/\/api.w.org\/{rel}","templated":true}]}}