{"id":15672,"date":"2026-01-08T14:49:19","date_gmt":"2026-01-08T17:49:19","guid":{"rendered":"https:\/\/lalupa24.com.ar\/?p=15672"},"modified":"2026-01-08T14:49:20","modified_gmt":"2026-01-08T17:49:20","slug":"petro-defiende-su-autonomia-frente-a-estados-unidos-y-reivindica-su-origen-en-el-m-19-tras-dialogo-con-trump","status":"publish","type":"post","link":"https:\/\/lalupa24.com.ar\/index.php\/2026\/01\/08\/petro-defiende-su-autonomia-frente-a-estados-unidos-y-reivindica-su-origen-en-el-m-19-tras-dialogo-con-trump\/","title":{"rendered":"PETRO DEFIENDE SU AUTONOM\u00cdA FRENTE A ESTADOS UNIDOS Y REIVINDICA SU ORIGEN EN EL M-19 TRAS DI\u00c1LOGO CON TRUMP"},"content":{"rendered":"\n<p>El presidente de Colombia, Gustavo Petro, ha respondido con firmeza a las cr\u00edticas surgidas tras su reciente conversaci\u00f3n telef\u00f3nica con el mandatario estadounidense, Donald Trump, negando categ\u00f3ricamente cualquier postura de subordinaci\u00f3n. Ante los se\u00f1alamientos de diversos sectores pol\u00edticos que calificaron el acercamiento como una &#8220;claudicaci\u00f3n&#8221;, Petro asegur\u00f3 que su disposici\u00f3n al di\u00e1logo es una herencia directa de su formaci\u00f3n pol\u00edtica y su pasado insurgente. Para el mandatario, entablar conversaciones con l\u00edderes de signo ideol\u00f3gico opuesto no implica &#8220;arrodillarse&#8221;, sino ejercer la diplomacia soberana que el pa\u00eds requiere.<\/p>\n\n\n\n<p>Durante su intervenci\u00f3n, el jefe de Estado subray\u00f3 que &#8220;nadie que haya formado parte del M-19 se niega al di\u00e1logo&#8221;, vinculando su actual gesti\u00f3n con los procesos de paz que marcaron su transici\u00f3n a la vida civil. Este argumento busca desactivar los ataques de la oposici\u00f3n, que lo acusan de haber moderado su discurso antiimperialista para evitar sanciones o presiones de la Casa Blanca. Petro enfatiz\u00f3 que Colombia mantiene una relaci\u00f3n de respeto mutuo con Washington, pero basada en una agenda propia que prioriza la transici\u00f3n energ\u00e9tica y la justicia social sobre las imposiciones externas.<\/p>\n\n\n\n<p>Analistas pol\u00edticos sugieren que este intercambio con Trump es una maniobra pragm\u00e1tica para garantizar la estabilidad econ\u00f3mica y la cooperaci\u00f3n en temas de seguridad fronteriza. A pesar de las marcadas diferencias en temas como el cambio clim\u00e1tico y la pol\u00edtica de drogas, ambos mandatarios parecen haber encontrado un terreno com\u00fan en la necesidad de mantener un flujo comercial constante. Seg\u00fan fuentes de la Casa Nari\u00f1o, el di\u00e1logo se centr\u00f3 en temas de inter\u00e9s bilateral sin que esto signifique un compromiso con las pol\u00edticas migratorias o comerciales m\u00e1s restrictivas propuestas por la administraci\u00f3n Trump.<\/p>\n\n\n\n<p>La pol\u00e9mica tambi\u00e9n ha puesto de relieve las tensiones internas en el gabinete colombiano, donde algunos sectores temen que un acercamiento excesivo a la derecha estadounidense aliene a las bases de apoyo de izquierda del presidente. No obstante, Petro ha sido claro en que la pol\u00edtica exterior colombiana no debe ser prisionera de dogmas ideol\u00f3gicos, sino que debe servir a los intereses estrat\u00e9gicos de la naci\u00f3n. La referencia al M-19 act\u00faa como un recordatorio de su capacidad de negociaci\u00f3n en escenarios adversos, una narrativa que ha utilizado repetidamente para consolidar su liderazgo.<\/p>\n\n\n\n<p>En el plano regional, la postura de Petro es vista con cautela por otros l\u00edderes latinoamericanos, quienes observan c\u00f3mo Colombia intenta equilibrar su pertenencia a bloques progresistas con la realidad de su dependencia comercial de Estados Unidos. Expertos en relaciones internacionales se\u00f1alan que Petro est\u00e1 intentando posicionarse como un interlocutor v\u00e1lido y necesario para Washington en Suram\u00e9rica, capaz de hablar con todas las partes sin perder su identidad pol\u00edtica. Esta estrategia de &#8220;equilibrio audaz&#8221; ser\u00e1 puesta a prueba a medida que las pol\u00edticas de Trump se materialicen en acciones concretas.<\/p>\n\n\n\n<p>Hacia adelante, el gobierno colombiano deber\u00e1 demostrar que este di\u00e1logo se traduce en beneficios tangibles para la poblaci\u00f3n, especialmente en lo que respecta a la inversi\u00f3n extranjera y la exportaci\u00f3n de productos agr\u00edcolas. La defensa de la dignidad nacional que Petro esgrime ser\u00e1 juzgada por los resultados de los acuerdos que se firmen en los meses venideros. Mientras tanto, el mandatario ha dejado claro que su historia personal y pol\u00edtica sigue siendo la br\u00fajula con la que navega las complejas aguas de la geopol\u00edtica hemisf\u00e9rica.<\/p>\n","protected":false},"excerpt":{"rendered":"<p>El presidente de Colombia, Gustavo Petro, ha respondido con firmeza a las cr\u00edticas surgidas tras su reciente conversaci\u00f3n telef\u00f3nica con el mandatario estadounidense, Donald Trump, negando categ\u00f3ricamente cualquier postura de subordinaci\u00f3n. Ante los se\u00f1alamientos de diversos sectores pol\u00edticos que calificaron el acercamiento como una &#8220;claudicaci\u00f3n&#8221;, Petro asegur\u00f3 que su disposici\u00f3n al di\u00e1logo es una herencia [&hellip;]<\/p>\n","protected":false},"author":2,"featured_media":15662,"comment_status":"open","ping_status":"open","sticky":false,"template":"","format":"standard","meta":{"footnotes":""},"categories":[25],"tags":[],"class_list":{"0":"post-15672","1":"post","2":"type-post","3":"status-publish","4":"format-standard","5":"has-post-thumbnail","7":"category-internacionales"},"aioseo_notices":[],"_links":{"self":[{"href":"https:\/\/lalupa24.com.ar\/index.php\/wp-json\/wp\/v2\/posts\/15672","targetHints":{"allow":["GET"]}}],"collection":[{"href":"https:\/\/lalupa24.com.ar\/index.php\/wp-json\/wp\/v2\/posts"}],"about":[{"href":"https:\/\/lalupa24.com.ar\/index.php\/wp-json\/wp\/v2\/types\/post"}],"author":[{"embeddable":true,"href":"https:\/\/lalupa24.com.ar\/index.php\/wp-json\/wp\/v2\/users\/2"}],"replies":[{"embeddable":true,"href":"https:\/\/lalupa24.com.ar\/index.php\/wp-json\/wp\/v2\/comments?post=15672"}],"version-history":[{"count":1,"href":"https:\/\/lalupa24.com.ar\/index.php\/wp-json\/wp\/v2\/posts\/15672\/revisions"}],"predecessor-version":[{"id":15673,"href":"https:\/\/lalupa24.com.ar\/index.php\/wp-json\/wp\/v2\/posts\/15672\/revisions\/15673"}],"wp:featuredmedia":[{"embeddable":true,"href":"https:\/\/lalupa24.com.ar\/index.php\/wp-json\/wp\/v2\/media\/15662"}],"wp:attachment":[{"href":"https:\/\/lalupa24.com.ar\/index.php\/wp-json\/wp\/v2\/media?parent=15672"}],"wp:term":[{"taxonomy":"category","embeddable":true,"href":"https:\/\/lalupa24.com.ar\/index.php\/wp-json\/wp\/v2\/categories?post=15672"},{"taxonomy":"post_tag","embeddable":true,"href":"https:\/\/lalupa24.com.ar\/index.php\/wp-json\/wp\/v2\/tags?post=15672"}],"curies":[{"name":"wp","href":"https:\/\/api.w.org\/{rel}","templated":true}]}}