{"id":15676,"date":"2026-01-08T14:51:19","date_gmt":"2026-01-08T17:51:19","guid":{"rendered":"https:\/\/lalupa24.com.ar\/?p=15676"},"modified":"2026-01-08T14:51:20","modified_gmt":"2026-01-08T17:51:20","slug":"lula-veta-ley-que-buscaba-reducir-la-condena-de-bolsonaro-en-el-aniversario-del-asalto-al-planalto","status":"publish","type":"post","link":"https:\/\/lalupa24.com.ar\/index.php\/2026\/01\/08\/lula-veta-ley-que-buscaba-reducir-la-condena-de-bolsonaro-en-el-aniversario-del-asalto-al-planalto\/","title":{"rendered":"LULA VETA LEY QUE BUSCABA REDUCIR LA CONDENA DE BOLSONARO EN EL ANIVERSARIO DEL ASALTO AL PLANALTO"},"content":{"rendered":"\n<p>En un acto cargado de simbolismo pol\u00edtico y defensa institucional, el presidente de Brasil, Luiz In\u00e1cio Lula da Silva, vet\u00f3 este jueves de manera integral el pol\u00e9mico proyecto de ley que pretend\u00eda reducir significativamente las penas de los condenados por el intento de golpe de Estado de 2023. La decisi\u00f3n presidencial bloquea, por el momento, el intento del Congreso \u2014de mayor\u00eda conservadora\u2014 de favorecer al expresidente Jair Bolsonaro, quien actualmente cumple una condena de 27 a\u00f1os de prisi\u00f3n por su responsabilidad en la trama que busc\u00f3 subvertir el orden democr\u00e1tico tras las elecciones de 2022.<sup><\/sup> El anuncio se realiz\u00f3 durante la ceremonia oficial por el tercer aniversario de los disturbios del 8 de enero, reforzando el mensaje de que no habr\u00e1 impunidad para quienes atacaron las sedes de los tres poderes.<sup><\/sup><\/p>\n\n\n\n<p>El proyecto de ley, bautizado por sectores cr\u00edticos como la &#8220;Ley de Dosimetr\u00eda&#8221; o &#8220;Amnist\u00eda Disfrazada&#8221;, establec\u00eda mecanismos t\u00e9cnicos para recalcular las sentencias, impidiendo la acumulaci\u00f3n de penas por delitos similares como el intento de abolici\u00f3n del Estado de derecho y el golpe de Estado. Bajo esta normativa, un reo condenado a casi tres d\u00e9cadas de c\u00e1rcel, como es el caso de Bolsonaro, habr\u00eda podido optar a beneficios carcelarios y una posible liberaci\u00f3n en apenas poco m\u00e1s de dos a\u00f1os. Seg\u00fan analistas del sector jur\u00eddico brasile\u00f1o, la propuesta legislativa buscaba agilizar la progresi\u00f3n de reg\u00edmenes para que los implicados pasaran r\u00e1pidamente de la prisi\u00f3n cerrada a un r\u00e9gimen semiabierto o domiciliario.<\/p>\n\n\n\n<p>Durante su discurso en el Palacio del Planalto, edificio que fue saqueado por miles de bolsonaristas en 2023, Lula da Silva enfatiz\u00f3 que &#8220;el 8 de enero qued\u00f3 marcado en nuestra historia como el d\u00eda de la victoria de la democracia sobre quienes intentaron tomar el poder por la fuerza&#8221;.<sup><\/sup> El mandatario progresista defendi\u00f3 la actuaci\u00f3n del Supremo Tribunal Federal (STF), se\u00f1alando que los acusados gozaron de juicios justos y transparentes, y que cualquier intento de flexibilizar sus condenas representar\u00eda un retroceso en la rendici\u00f3n de cuentas.<sup><\/sup> En el evento, marcado por la ausencia de los l\u00edderes de ambas c\u00e1maras del Congreso, se escucharon consignas de &#8220;\u00a1sin amnist\u00eda!&#8221; por parte de los asistentes y movimientos sociales presentes.+1<\/p>\n\n\n\n<p>La situaci\u00f3n procesal de Jair Bolsonaro es el eje central de esta disputa pol\u00edtica. El expresidente, de 70 a\u00f1os, permanece encarcelado desde finales de noviembre de 2025 en la sede de la Polic\u00eda Federal en Brasilia, luego de que la m\u00e1xima corte rechazara recientemente un pedido de arresto domiciliario por motivos de salud. Seg\u00fan el C\u00f3digo Penal vigente, Bolsonaro deber\u00eda cumplir al menos ocho a\u00f1os de prisi\u00f3n efectiva antes de solicitar cualquier tipo de beneficio. Expertos en ciencia pol\u00edtica sugieren que el impulso de esta ley por parte de la oposici\u00f3n parlamentaria responde a un intento de recomponer el liderazgo de la derecha de cara a las elecciones de 2026, donde el bolsonarismo a\u00fan mantiene un n\u00facleo de apoyo considerable.<\/p>\n\n\n\n<p>A pesar del veto presidencial, la batalla legislativa no ha concluido, ya que el Congreso Nacional tiene la facultad constitucional de anular la decisi\u00f3n de Lula mediante una votaci\u00f3n de mayor\u00eda absoluta.<sup><\/sup> Legisladores aliados al expresidente ya han manifestado su intenci\u00f3n de insistir con la norma, argumentando que las penas impuestas por el STF son &#8220;desproporcionadas&#8221; y poseen un tinte pol\u00edtico. No obstante, el oficialismo conf\u00eda en que la presi\u00f3n social y el peso institucional de la conmemoraci\u00f3n de los ataques sirvan como un disuasivo para aquellos congresistas de centro que podr\u00edan dudar en validar una medida que la opini\u00f3n p\u00fablica asocia directamente con la impunidad.<\/p>\n\n\n\n<p>El escenario futuro para Brasil sigue marcado por una profunda polarizaci\u00f3n. El veto de Lula no solo es una medida administrativa, sino una declaraci\u00f3n de principios sobre la solidez del Estado democr\u00e1tico de derecho en un pa\u00eds que a\u00fan intenta sanar las heridas del asalto a sus instituciones. En los pr\u00f3ximos meses, la atenci\u00f3n se desplazar\u00e1 nuevamente a las c\u00e1maras legislativas, donde el destino de la condena de Bolsonaro y de otros 800 sentenciados por la asonada golpista se convertir\u00e1 en el principal term\u00f3metro de la estabilidad pol\u00edtica y la independencia de poderes en el gigante sudamericano.<\/p>\n","protected":false},"excerpt":{"rendered":"<p>En un acto cargado de simbolismo pol\u00edtico y defensa institucional, el presidente de Brasil, Luiz In\u00e1cio Lula da Silva, vet\u00f3 este jueves de manera integral el pol\u00e9mico proyecto de ley que pretend\u00eda reducir significativamente las penas de los condenados por el intento de golpe de Estado de 2023. La decisi\u00f3n presidencial bloquea, por el momento, [&hellip;]<\/p>\n","protected":false},"author":2,"featured_media":15664,"comment_status":"open","ping_status":"open","sticky":false,"template":"","format":"standard","meta":{"footnotes":""},"categories":[25],"tags":[],"class_list":{"0":"post-15676","1":"post","2":"type-post","3":"status-publish","4":"format-standard","5":"has-post-thumbnail","7":"category-internacionales"},"aioseo_notices":[],"_links":{"self":[{"href":"https:\/\/lalupa24.com.ar\/index.php\/wp-json\/wp\/v2\/posts\/15676","targetHints":{"allow":["GET"]}}],"collection":[{"href":"https:\/\/lalupa24.com.ar\/index.php\/wp-json\/wp\/v2\/posts"}],"about":[{"href":"https:\/\/lalupa24.com.ar\/index.php\/wp-json\/wp\/v2\/types\/post"}],"author":[{"embeddable":true,"href":"https:\/\/lalupa24.com.ar\/index.php\/wp-json\/wp\/v2\/users\/2"}],"replies":[{"embeddable":true,"href":"https:\/\/lalupa24.com.ar\/index.php\/wp-json\/wp\/v2\/comments?post=15676"}],"version-history":[{"count":1,"href":"https:\/\/lalupa24.com.ar\/index.php\/wp-json\/wp\/v2\/posts\/15676\/revisions"}],"predecessor-version":[{"id":15677,"href":"https:\/\/lalupa24.com.ar\/index.php\/wp-json\/wp\/v2\/posts\/15676\/revisions\/15677"}],"wp:featuredmedia":[{"embeddable":true,"href":"https:\/\/lalupa24.com.ar\/index.php\/wp-json\/wp\/v2\/media\/15664"}],"wp:attachment":[{"href":"https:\/\/lalupa24.com.ar\/index.php\/wp-json\/wp\/v2\/media?parent=15676"}],"wp:term":[{"taxonomy":"category","embeddable":true,"href":"https:\/\/lalupa24.com.ar\/index.php\/wp-json\/wp\/v2\/categories?post=15676"},{"taxonomy":"post_tag","embeddable":true,"href":"https:\/\/lalupa24.com.ar\/index.php\/wp-json\/wp\/v2\/tags?post=15676"}],"curies":[{"name":"wp","href":"https:\/\/api.w.org\/{rel}","templated":true}]}}