{"id":15691,"date":"2026-01-08T15:00:19","date_gmt":"2026-01-08T18:00:19","guid":{"rendered":"https:\/\/lalupa24.com.ar\/?p=15691"},"modified":"2026-01-08T15:00:21","modified_gmt":"2026-01-08T18:00:21","slug":"el-gobierno-vincula-los-incendios-en-chubut-con-grupos-autoproclamados-mapuches","status":"publish","type":"post","link":"https:\/\/lalupa24.com.ar\/index.php\/2026\/01\/08\/el-gobierno-vincula-los-incendios-en-chubut-con-grupos-autoproclamados-mapuches\/","title":{"rendered":"EL GOBIERNO VINCULA LOS INCENDIOS EN CHUBUT CON GRUPOS AUTOPROCLAMADOS MAPUCHES"},"content":{"rendered":"\n<p>Aqu\u00ed tienes las noticias redactadas con el rigor y la estructura profesional solicitada:<\/p>\n\n\n\n<h3 class=\"wp-block-heading\">EL GOBIERNO VINCULA LOS INCENDIOS EN CHUBUT CON GRUPOS AUTOPROCLAMADOS MAPUCHES<\/h3>\n\n\n\n<p>El recrudecimiento de los incendios forestales en la provincia de Chubut ha escalado a una crisis pol\u00edtica y de seguridad nacional, tras las recientes declaraciones del Gobierno nacional que vinculan el origen de los focos \u00edgneos con la actividad de facciones radicalizadas de grupos autoproclamados mapuches. La sospecha de intencionalidad no solo agrava la tragedia ambiental en la Patagonia, sino que sit\u00faa el conflicto en una dimensi\u00f3n de seguridad interior, activando protocolos de investigaci\u00f3n para determinar la responsabilidad detr\u00e1s de la destrucci\u00f3n de miles de hect\u00e1reas de bosque nativo.<\/p>\n\n\n\n<p>Desde el Ministerio de Seguridad han se\u00f1alado que existen indicios concurrentes que apuntan a una metodolog\u00eda de sabotaje ya observada en a\u00f1os anteriores, donde la ocupaci\u00f3n de tierras y la reivindicaci\u00f3n territorial coinciden con el inicio de siniestros en zonas de dif\u00edcil acceso. De acuerdo con fuentes oficiales, se han detectado movimientos de personas vinculadas a estas organizaciones en las \u00e1reas circundantes a los focos principales antes de que se desatara el fuego, lo que refuerza la hip\u00f3tesis de un plan deliberado para desestabilizar la gesti\u00f3n regional.<\/p>\n\n\n\n<p>El impacto de estos incendios no se limita a la p\u00e9rdida irreparable de biodiversidad; la infraestructura tur\u00edstica y la seguridad de las poblaciones locales se encuentran en riesgo extremo. Expertos en gesti\u00f3n de emergencias advierten que la simultaneidad de los focos y las condiciones clim\u00e1ticas adversas, con altas temperaturas y vientos intensos, han sido aprovechadas por quienes buscan generar un da\u00f1o m\u00e1ximo. Esta situaci\u00f3n ha obligado al despliegue de fuerzas federales y brigadistas de todo el pa\u00eds para contener el avance de las llamas que amenazan parques nacionales.<\/p>\n\n\n\n<p>Representantes de comunidades ind\u00edgenas locales, sin embargo, han marcado distancia de los sectores radicalizados, denunciando que las acusaciones generales pueden derivar en una estigmatizaci\u00f3n del pueblo mapuche. Por su parte, la justicia federal ya ha iniciado una serie de peritajes t\u00e9cnicos para confirmar si se utilizaron acelerantes o si hubo una planificaci\u00f3n previa en la elecci\u00f3n de los sitios de inicio del fuego. La investigaci\u00f3n busca identificar a los autores materiales e intelectuales detr\u00e1s de lo que las autoridades califican como un atentado contra el patrimonio natural.<\/p>\n\n\n\n<p>La tensi\u00f3n pol\u00edtica entre la administraci\u00f3n provincial y los grupos de activistas se ha agudizado, en un contexto donde la disputa por la tierra sigue siendo el eje central de la violencia en el sur argentino. Seg\u00fan analistas en seguridad ciudadana, la falta de una resoluci\u00f3n de fondo sobre la propiedad de la tierra y el reconocimiento de comunidades leg\u00edtimas ha creado un vac\u00edo legal que es aprovechado por c\u00e9lulas extremistas para llevar adelante acciones directas contra el Estado y la propiedad privada.<\/p>\n\n\n\n<p>El desenlace de esta crisis marcar\u00e1 un precedente en el manejo de conflictos territoriales y ambientales en Argentina. Se espera que en las pr\u00f3ximas horas se anuncien nuevas medidas de seguridad y un refuerzo en la vigilancia a\u00e9rea de la zona cordillerana. La sociedad civil, mientras tanto, observa con preocupaci\u00f3n c\u00f3mo la ret\u00f3rica de la confrontaci\u00f3n y la falta de prevenci\u00f3n ambiental convergen en un escenario de desastre que tardar\u00e1 d\u00e9cadas en recuperarse, dejando una profunda cicatriz en el ecosistema patag\u00f3nico.<\/p>\n","protected":false},"excerpt":{"rendered":"<p>Aqu\u00ed tienes las noticias redactadas con el rigor y la estructura profesional solicitada: EL GOBIERNO VINCULA LOS INCENDIOS EN CHUBUT CON GRUPOS AUTOPROCLAMADOS MAPUCHES El recrudecimiento de los incendios forestales en la provincia de Chubut ha escalado a una crisis pol\u00edtica y de seguridad nacional, tras las recientes declaraciones del Gobierno nacional que vinculan el [&hellip;]<\/p>\n","protected":false},"author":2,"featured_media":15683,"comment_status":"open","ping_status":"open","sticky":false,"template":"","format":"standard","meta":{"footnotes":""},"categories":[26],"tags":[],"class_list":{"0":"post-15691","1":"post","2":"type-post","3":"status-publish","4":"format-standard","5":"has-post-thumbnail","7":"category-nacionales"},"aioseo_notices":[],"_links":{"self":[{"href":"https:\/\/lalupa24.com.ar\/index.php\/wp-json\/wp\/v2\/posts\/15691","targetHints":{"allow":["GET"]}}],"collection":[{"href":"https:\/\/lalupa24.com.ar\/index.php\/wp-json\/wp\/v2\/posts"}],"about":[{"href":"https:\/\/lalupa24.com.ar\/index.php\/wp-json\/wp\/v2\/types\/post"}],"author":[{"embeddable":true,"href":"https:\/\/lalupa24.com.ar\/index.php\/wp-json\/wp\/v2\/users\/2"}],"replies":[{"embeddable":true,"href":"https:\/\/lalupa24.com.ar\/index.php\/wp-json\/wp\/v2\/comments?post=15691"}],"version-history":[{"count":1,"href":"https:\/\/lalupa24.com.ar\/index.php\/wp-json\/wp\/v2\/posts\/15691\/revisions"}],"predecessor-version":[{"id":15692,"href":"https:\/\/lalupa24.com.ar\/index.php\/wp-json\/wp\/v2\/posts\/15691\/revisions\/15692"}],"wp:featuredmedia":[{"embeddable":true,"href":"https:\/\/lalupa24.com.ar\/index.php\/wp-json\/wp\/v2\/media\/15683"}],"wp:attachment":[{"href":"https:\/\/lalupa24.com.ar\/index.php\/wp-json\/wp\/v2\/media?parent=15691"}],"wp:term":[{"taxonomy":"category","embeddable":true,"href":"https:\/\/lalupa24.com.ar\/index.php\/wp-json\/wp\/v2\/categories?post=15691"},{"taxonomy":"post_tag","embeddable":true,"href":"https:\/\/lalupa24.com.ar\/index.php\/wp-json\/wp\/v2\/tags?post=15691"}],"curies":[{"name":"wp","href":"https:\/\/api.w.org\/{rel}","templated":true}]}}