{"id":15693,"date":"2026-01-08T15:00:51","date_gmt":"2026-01-08T18:00:51","guid":{"rendered":"https:\/\/lalupa24.com.ar\/?p=15693"},"modified":"2026-01-08T15:00:52","modified_gmt":"2026-01-08T18:00:52","slug":"ignacio-torres-impulsa-la-incorporacion-del-ecocidio-al-codigo-penal-ante-la-emergencia-ambiental","status":"publish","type":"post","link":"https:\/\/lalupa24.com.ar\/index.php\/2026\/01\/08\/ignacio-torres-impulsa-la-incorporacion-del-ecocidio-al-codigo-penal-ante-la-emergencia-ambiental\/","title":{"rendered":"IGNACIO TORRES IMPULSA LA INCORPORACI\u00d3N DEL ECOCIDIO AL C\u00d3DIGO PENAL ANTE LA EMERGENCIA AMBIENTAL"},"content":{"rendered":"\n<p>El gobernador de Chubut, Ignacio Torres, ha anunciado su firme intenci\u00f3n de promover una reforma legislativa que incorpore la figura del &#8220;ecocidio&#8221; al C\u00f3digo Penal Argentino, en respuesta a la devastaci\u00f3n provocada por los incendios forestales en su provincia. Esta iniciativa busca elevar las penas para aquellos que causen da\u00f1os masivos e irreversibles al medio ambiente, equiparando la destrucci\u00f3n sistem\u00e1tica de ecosistemas con delitos de extrema gravedad. La propuesta surge en un momento de indignaci\u00f3n social ante la sospecha de que gran parte de los siniestros son provocados por intereses inmobiliarios o conflictos territoriales.<\/p>\n\n\n\n<p>El mandatario provincial argument\u00f3 que las herramientas legales vigentes resultan insuficientes para disuadir a quienes atentan contra el patrimonio natural. Seg\u00fan el equipo legal de la gobernaci\u00f3n, la tipificaci\u00f3n actual de &#8220;incendio doloso&#8221; no alcanza a cubrir la magnitud del da\u00f1o ecol\u00f3gico y la p\u00e9rdida de servicios ecosist\u00e9micos que sufren las comunidades. Con la figura del ecocidio, se busca no solo castigar a los autores materiales, sino tambi\u00e9n a quienes financian o se benefician indirectamente de la destrucci\u00f3n de bosques y \u00e1reas protegidas.<\/p>\n\n\n\n<p>Especialistas en derecho ambiental han recibido la propuesta como un avance necesario en la jurisprudencia nacional, se\u00f1alando que Argentina debe alinearse con las tendencias internacionales que buscan proteger la naturaleza como un bien jur\u00eddico superior. Un informe t\u00e9cnico de organizaciones ambientales locales destaca que la recuperaci\u00f3n de las zonas incendiadas en la cordillera podr\u00eda demorar m\u00e1s de medio siglo, lo que justifica una sanci\u00f3n penal que refleje la irreparabilidad del da\u00f1o causado a las generaciones presentes y futuras.<\/p>\n\n\n\n<p>La iniciativa de Torres tambi\u00e9n contempla la creaci\u00f3n de una fiscal\u00eda especializada en delitos ambientales, dotada de recursos tecnol\u00f3gicos y cient\u00edficos para la investigaci\u00f3n de incendios. El gobernador ha manifestado que &#8220;quien quema un bosque no solo comete un delito contra la propiedad, sino un crimen contra la humanidad&#8221;, subrayando la necesidad de que la justicia act\u00fae con celeridad y firmeza. Este planteo busca generar un consenso transversal en el Congreso Nacional para que la reforma sea tratada con prioridad en la agenda legislativa.<\/p>\n\n\n\n<p>Desde sectores productivos y tur\u00edsticos de la Patagonia han expresado su apoyo a la medida, entendiendo que la seguridad jur\u00eddica y la preservaci\u00f3n del entorno son pilares fundamentales para el desarrollo regional. Sin embargo, tambi\u00e9n se advierte sobre la necesidad de que la ley sea lo suficientemente precisa para evitar arbitrariedades y asegurar que el peso de la ley recaiga efectivamente sobre los responsables del da\u00f1o ambiental a gran escala. La discusi\u00f3n t\u00e9cnica sobre la definici\u00f3n de los l\u00edmites del ecocidio ser\u00e1 clave en el debate parlamentario.<\/p>\n\n\n\n<p>La proyecci\u00f3n de esta ley podr\u00eda transformar la pol\u00edtica de conservaci\u00f3n en Argentina, enviando un mensaje claro sobre la intolerancia estatal ante la degradaci\u00f3n del entorno natural. De prosperar, la incorporaci\u00f3n del ecocidio al C\u00f3digo Penal representar\u00eda un hito en la historia legislativa del pa\u00eds, posicionando a la preservaci\u00f3n del medio ambiente como una pol\u00edtica de Estado innegociable. El \u00e9xito de la iniciativa depender\u00e1 de la capacidad de los distintos bloques pol\u00edticos para transformar la emergencia actual en una soluci\u00f3n estructural y duradera.<\/p>\n","protected":false},"excerpt":{"rendered":"<p>El gobernador de Chubut, Ignacio Torres, ha anunciado su firme intenci\u00f3n de promover una reforma legislativa que incorpore la figura del &#8220;ecocidio&#8221; al C\u00f3digo Penal Argentino, en respuesta a la devastaci\u00f3n provocada por los incendios forestales en su provincia. Esta iniciativa busca elevar las penas para aquellos que causen da\u00f1os masivos e irreversibles al medio [&hellip;]<\/p>\n","protected":false},"author":2,"featured_media":15683,"comment_status":"open","ping_status":"open","sticky":false,"template":"","format":"standard","meta":{"footnotes":""},"categories":[26],"tags":[],"class_list":{"0":"post-15693","1":"post","2":"type-post","3":"status-publish","4":"format-standard","5":"has-post-thumbnail","7":"category-nacionales"},"aioseo_notices":[],"_links":{"self":[{"href":"https:\/\/lalupa24.com.ar\/index.php\/wp-json\/wp\/v2\/posts\/15693","targetHints":{"allow":["GET"]}}],"collection":[{"href":"https:\/\/lalupa24.com.ar\/index.php\/wp-json\/wp\/v2\/posts"}],"about":[{"href":"https:\/\/lalupa24.com.ar\/index.php\/wp-json\/wp\/v2\/types\/post"}],"author":[{"embeddable":true,"href":"https:\/\/lalupa24.com.ar\/index.php\/wp-json\/wp\/v2\/users\/2"}],"replies":[{"embeddable":true,"href":"https:\/\/lalupa24.com.ar\/index.php\/wp-json\/wp\/v2\/comments?post=15693"}],"version-history":[{"count":1,"href":"https:\/\/lalupa24.com.ar\/index.php\/wp-json\/wp\/v2\/posts\/15693\/revisions"}],"predecessor-version":[{"id":15694,"href":"https:\/\/lalupa24.com.ar\/index.php\/wp-json\/wp\/v2\/posts\/15693\/revisions\/15694"}],"wp:featuredmedia":[{"embeddable":true,"href":"https:\/\/lalupa24.com.ar\/index.php\/wp-json\/wp\/v2\/media\/15683"}],"wp:attachment":[{"href":"https:\/\/lalupa24.com.ar\/index.php\/wp-json\/wp\/v2\/media?parent=15693"}],"wp:term":[{"taxonomy":"category","embeddable":true,"href":"https:\/\/lalupa24.com.ar\/index.php\/wp-json\/wp\/v2\/categories?post=15693"},{"taxonomy":"post_tag","embeddable":true,"href":"https:\/\/lalupa24.com.ar\/index.php\/wp-json\/wp\/v2\/tags?post=15693"}],"curies":[{"name":"wp","href":"https:\/\/api.w.org\/{rel}","templated":true}]}}