{"id":15695,"date":"2026-01-08T15:01:20","date_gmt":"2026-01-08T18:01:20","guid":{"rendered":"https:\/\/lalupa24.com.ar\/?p=15695"},"modified":"2026-01-08T15:01:22","modified_gmt":"2026-01-08T18:01:22","slug":"milei-e-isabel-diaz-ayuso-consolidan-en-casa-rosada-el-eje-estrategico-de-la-derecha-internacional","status":"publish","type":"post","link":"https:\/\/lalupa24.com.ar\/index.php\/2026\/01\/08\/milei-e-isabel-diaz-ayuso-consolidan-en-casa-rosada-el-eje-estrategico-de-la-derecha-internacional\/","title":{"rendered":"MILEI E ISABEL D\u00cdAZ AYUSO CONSOLIDAN EN CASA ROSADA EL EJE ESTRAT\u00c9GICO DE LA DERECHA INTERNACIONAL"},"content":{"rendered":"\n<p>En un encuentro de alto voltaje pol\u00edtico, el presidente Javier Milei recibi\u00f3 en la Casa Rosada a la presidenta de la Comunidad de Madrid, Isabel D\u00edaz Ayuso, con el objetivo de fortalecer los lazos ideol\u00f3gicos y estrat\u00e9gicos entre sus respectivos espacios. La reuni\u00f3n, cargada de simbolismo, representa un paso crucial en la construcci\u00f3n de una coalici\u00f3n internacional de l\u00edderes que defienden los valores de la libertad de mercado, la reducci\u00f3n del Estado y el combate a las pol\u00edticas de intervenci\u00f3n estatal. Ambos mandatarios buscan consolidarse como referentes de un bloque que desaf\u00eda los consensos globales tradicionales desde una perspectiva liberal-conservadora.<\/p>\n\n\n\n<p>Durante el encuentro, Milei y Ayuso intercambiaron visiones sobre los desaf\u00edos econ\u00f3micos que enfrentan las democracias occidentales, coincidiendo en la necesidad de implementar reformas profundas para atraer inversiones y fomentar el emprendimiento. De acuerdo con fuentes de la presidencia argentina, la sinton\u00eda entre ambos fue inmediata, destacando la gesti\u00f3n de Ayuso en Madrid como un modelo de &#8220;baja presi\u00f3n fiscal y libertad individual&#8221; que el Ejecutivo nacional aspira a replicar a escala nacional a trav\u00e9s de sus planes de desregulaci\u00f3n econ\u00f3mica.<\/p>\n\n\n\n<p>El acercamiento entre el l\u00edder de La Libertad Avanza y la referente del Partido Popular espa\u00f1ol no solo tiene implicancias econ\u00f3micas, sino tambi\u00e9n una fuerte carga en la denominada &#8220;batalla cultural&#8221;. Ambos l\u00edderes han sido vocales en su rechazo a las agendas de g\u00e9nero, las pol\u00edticas clim\u00e1ticas restrictivas y lo que denominan &#8220;el colectivismo&#8221;. Seg\u00fan analistas pol\u00edticos internacionales, esta alianza busca generar un contrapeso a la influencia de las corrientes progresistas en Iberoam\u00e9rica y Europa, estableciendo un eje Madrid-Buenos Aires como epicentro del pensamiento liberal moderno.<\/p>\n\n\n\n<p>Isabel D\u00edaz Ayuso, quien ha mantenido una postura de confrontaci\u00f3n directa con el gobierno central espa\u00f1ol de Pedro S\u00e1nchez, encontr\u00f3 en Milei un aliado que valida su discurso de resistencia contra el estatismo. Durante la visita, se discutieron acuerdos de cooperaci\u00f3n t\u00e9cnica en \u00e1reas de administraci\u00f3n p\u00fablica y promoci\u00f3n tur\u00edstica, aunque el trasfondo principal fue la ratificaci\u00f3n de una agenda pol\u00edtica com\u00fan. Este respaldo externo es vital para el presidente argentino en su b\u00fasqueda por legitimar su programa de gobierno ante la mirada de los mercados globales y la comunidad internacional.<\/p>\n\n\n\n<p>La visita ha generado diversas reacciones en el arco pol\u00edtico local. Mientras que los sectores afines al gobierno celebran la llegada de Ayuso como un espaldarazo a la transformaci\u00f3n del pa\u00eds, la oposici\u00f3n cuestiona que la pol\u00edtica exterior se centre en afinidades ideol\u00f3gicas en lugar de intereses pragm\u00e1ticos de Estado. No obstante, desde el entorno presidencial sostienen que la convergencia con l\u00edderes que comparten la visi\u00f3n de &#8220;libertad&#8221; es el camino m\u00e1s directo para reinsertar a la Argentina en el mundo desarrollado y atraer capitales genuinos.<\/p>\n\n\n\n<p>Hacia el futuro, se espera que este encuentro sea el preludio de una serie de cumbres y foros internacionales donde esta &#8220;internacional liberal&#8221; pueda articular pol\u00edticas conjuntas. La consolidaci\u00f3n de este grupo de l\u00edderes de derecha promete redefinir las relaciones diplom\u00e1ticas entre Espa\u00f1a y Argentina, centrando el v\u00ednculo en la cooperaci\u00f3n econ\u00f3mica y la defensa de principios compartidos. El impacto de esta alianza se medir\u00e1 en la capacidad de ambos mandatarios para traducir su narrativa en resultados concretos que fortalezcan sus posiciones de poder en sus respectivos pa\u00edses.<\/p>\n","protected":false},"excerpt":{"rendered":"<p>En un encuentro de alto voltaje pol\u00edtico, el presidente Javier Milei recibi\u00f3 en la Casa Rosada a la presidenta de la Comunidad de Madrid, Isabel D\u00edaz Ayuso, con el objetivo de fortalecer los lazos ideol\u00f3gicos y estrat\u00e9gicos entre sus respectivos espacios. La reuni\u00f3n, cargada de simbolismo, representa un paso crucial en la construcci\u00f3n de una [&hellip;]<\/p>\n","protected":false},"author":2,"featured_media":15684,"comment_status":"open","ping_status":"open","sticky":false,"template":"","format":"standard","meta":{"footnotes":""},"categories":[26],"tags":[],"class_list":{"0":"post-15695","1":"post","2":"type-post","3":"status-publish","4":"format-standard","5":"has-post-thumbnail","7":"category-nacionales"},"aioseo_notices":[],"_links":{"self":[{"href":"https:\/\/lalupa24.com.ar\/index.php\/wp-json\/wp\/v2\/posts\/15695","targetHints":{"allow":["GET"]}}],"collection":[{"href":"https:\/\/lalupa24.com.ar\/index.php\/wp-json\/wp\/v2\/posts"}],"about":[{"href":"https:\/\/lalupa24.com.ar\/index.php\/wp-json\/wp\/v2\/types\/post"}],"author":[{"embeddable":true,"href":"https:\/\/lalupa24.com.ar\/index.php\/wp-json\/wp\/v2\/users\/2"}],"replies":[{"embeddable":true,"href":"https:\/\/lalupa24.com.ar\/index.php\/wp-json\/wp\/v2\/comments?post=15695"}],"version-history":[{"count":1,"href":"https:\/\/lalupa24.com.ar\/index.php\/wp-json\/wp\/v2\/posts\/15695\/revisions"}],"predecessor-version":[{"id":15696,"href":"https:\/\/lalupa24.com.ar\/index.php\/wp-json\/wp\/v2\/posts\/15695\/revisions\/15696"}],"wp:featuredmedia":[{"embeddable":true,"href":"https:\/\/lalupa24.com.ar\/index.php\/wp-json\/wp\/v2\/media\/15684"}],"wp:attachment":[{"href":"https:\/\/lalupa24.com.ar\/index.php\/wp-json\/wp\/v2\/media?parent=15695"}],"wp:term":[{"taxonomy":"category","embeddable":true,"href":"https:\/\/lalupa24.com.ar\/index.php\/wp-json\/wp\/v2\/categories?post=15695"},{"taxonomy":"post_tag","embeddable":true,"href":"https:\/\/lalupa24.com.ar\/index.php\/wp-json\/wp\/v2\/tags?post=15695"}],"curies":[{"name":"wp","href":"https:\/\/api.w.org\/{rel}","templated":true}]}}