{"id":15700,"date":"2026-01-12T09:12:10","date_gmt":"2026-01-12T12:12:10","guid":{"rendered":"https:\/\/lalupa24.com.ar\/?p=15700"},"modified":"2026-01-12T09:12:11","modified_gmt":"2026-01-12T12:12:11","slug":"venezuela-libera-a-24-presos-politicos-tras-un-operativo-nocturno-en-centros-penitenciarios","status":"publish","type":"post","link":"https:\/\/lalupa24.com.ar\/index.php\/2026\/01\/12\/venezuela-libera-a-24-presos-politicos-tras-un-operativo-nocturno-en-centros-penitenciarios\/","title":{"rendered":"VENEZUELA LIBERA A 24 PRESOS POL\u00cdTICOS TRAS UN OPERATIVO NOCTURNO EN CENTROS PENITENCIARIOS"},"content":{"rendered":"\n<p>En un sorpresivo movimiento ejecutado durante las \u00faltimas horas del domingo y la madrugada de este lunes, el r\u00e9gimen venezolano procedi\u00f3 a la excarcelaci\u00f3n de 24 personas consideradas presos pol\u00edticos. La medida, que tuvo lugar en los centros de reclusi\u00f3n de La Cris\u00e1lida y El Rodeo I, representa un giro significativo en la gesti\u00f3n de las detenciones por motivos ideol\u00f3gicos en el pa\u00eds, especialmente tras meses de intensa presi\u00f3n por parte de organizaciones civiles y familiares que manten\u00edan vigilias permanentes a las puertas de las c\u00e1rceles.<\/p>\n\n\n\n<p>De acuerdo con el balance proporcionado por la organizaci\u00f3n no gubernamental Foro Penal, el operativo permiti\u00f3 la salida de 15 hombres y 9 mujeres. Entre los beneficiados se encuentran ciudadanos venezolanos y extranjeros, destacando la liberaci\u00f3n de los italianos Alberto Trentini y Mario Burl\u00f2, quienes permanec\u00edan recluidos en El Rodeo I. Estas liberaciones internacionales se producen en un marco de gestiones diplom\u00e1ticas de alto nivel, donde la mediaci\u00f3n de pa\u00edses europeos y la administraci\u00f3n estadounidense habr\u00edan jugado un papel determinante para destrabar los casos de ciudadanos for\u00e1neos.<\/p>\n\n\n\n<p>El contexto de estas excarcelaciones es complejo y est\u00e1 marcado por la muerte reciente de otro detenido bajo custodia estatal, lo que hab\u00eda elevado las alarmas sobre las condiciones de salud y seguridad dentro del sistema penitenciario. Expertos en derechos humanos se\u00f1alan que, si bien la medida es positiva, todav\u00eda permanecen tras las rejas m\u00e1s de 800 personas por razones pol\u00edticas. La organizaci\u00f3n Foro Penal subray\u00f3 que contin\u00faa verificando otras posibles salidas que habr\u00edan ocurrido de forma atomizada en distintos puntos del territorio nacional durante la misma jornada.<\/p>\n\n\n\n<p>Las implicancias pol\u00edticas de este operativo nocturno no son menores, ya que coinciden con una etapa de renovada tensi\u00f3n en la relaci\u00f3n entre Caracas y Washington. Recientemente, el presidente estadounidense reafirm\u00f3 su postura cr\u00edtica hacia el eje Caracas-La Habana, amenazando con restringir el flujo energ\u00e9tico si no se produc\u00edan avances democr\u00e1ticos. Analistas internacionales sugieren que el gobierno de Nicol\u00e1s Maduro utiliza estas liberaciones como una ficha de negociaci\u00f3n para aliviar la presi\u00f3n externa y buscar canales de legitimaci\u00f3n ante la comunidad internacional en un a\u00f1o que se perfila decisivo.<\/p>\n\n\n\n<p>Socialmente, la noticia ha generado una mezcla de alivio y renovado reclamo entre los familiares de quienes a\u00fan no han sido liberados. Las escenas de reencuentros a las afueras de los penales contrastan con la incertidumbre de cientos de hogares que todav\u00eda esperan noticias de figuras emblem\u00e1ticas de la oposici\u00f3n y militares detenidos. Organizaciones como Provea y el propio Foro Penal han insistido en que estas medidas no deben ser discretas ni aleatorias, sino que deben responder a un cronograma transparente de liberaci\u00f3n plena y sin restricciones de libertad para todos los involucrados.<\/p>\n\n\n\n<p>Hacia el futuro, el impacto de estas 24 liberaciones depender\u00e1 de si marcan el inicio de una desescalada real del conflicto interno o si se tratan de una medida aislada para calmar la opini\u00f3n p\u00fablica internacional. La mirada est\u00e1 puesta en las pr\u00f3ximas semanas, especialmente ante los compromisos diplom\u00e1ticos pendientes y las visitas de organismos veedores. Por ahora, el operativo nocturno deja una huella de esperanza para el activismo humanitario, aunque la cifra de detenidos sigue siendo un recordatorio cr\u00edtico de la fragilidad de las garant\u00edas civiles en Venezuela.<\/p>\n","protected":false},"excerpt":{"rendered":"<p>En un sorpresivo movimiento ejecutado durante las \u00faltimas horas del domingo y la madrugada de este lunes, el r\u00e9gimen venezolano procedi\u00f3 a la excarcelaci\u00f3n de 24 personas consideradas presos pol\u00edticos. La medida, que tuvo lugar en los centros de reclusi\u00f3n de La Cris\u00e1lida y El Rodeo I, representa un giro significativo en la gesti\u00f3n de [&hellip;]<\/p>\n","protected":false},"author":2,"featured_media":15701,"comment_status":"open","ping_status":"open","sticky":false,"template":"","format":"standard","meta":{"footnotes":""},"categories":[25],"tags":[],"class_list":{"0":"post-15700","1":"post","2":"type-post","3":"status-publish","4":"format-standard","5":"has-post-thumbnail","7":"category-internacionales"},"aioseo_notices":[],"_links":{"self":[{"href":"https:\/\/lalupa24.com.ar\/index.php\/wp-json\/wp\/v2\/posts\/15700","targetHints":{"allow":["GET"]}}],"collection":[{"href":"https:\/\/lalupa24.com.ar\/index.php\/wp-json\/wp\/v2\/posts"}],"about":[{"href":"https:\/\/lalupa24.com.ar\/index.php\/wp-json\/wp\/v2\/types\/post"}],"author":[{"embeddable":true,"href":"https:\/\/lalupa24.com.ar\/index.php\/wp-json\/wp\/v2\/users\/2"}],"replies":[{"embeddable":true,"href":"https:\/\/lalupa24.com.ar\/index.php\/wp-json\/wp\/v2\/comments?post=15700"}],"version-history":[{"count":1,"href":"https:\/\/lalupa24.com.ar\/index.php\/wp-json\/wp\/v2\/posts\/15700\/revisions"}],"predecessor-version":[{"id":15711,"href":"https:\/\/lalupa24.com.ar\/index.php\/wp-json\/wp\/v2\/posts\/15700\/revisions\/15711"}],"wp:featuredmedia":[{"embeddable":true,"href":"https:\/\/lalupa24.com.ar\/index.php\/wp-json\/wp\/v2\/media\/15701"}],"wp:attachment":[{"href":"https:\/\/lalupa24.com.ar\/index.php\/wp-json\/wp\/v2\/media?parent=15700"}],"wp:term":[{"taxonomy":"category","embeddable":true,"href":"https:\/\/lalupa24.com.ar\/index.php\/wp-json\/wp\/v2\/categories?post=15700"},{"taxonomy":"post_tag","embeddable":true,"href":"https:\/\/lalupa24.com.ar\/index.php\/wp-json\/wp\/v2\/tags?post=15700"}],"curies":[{"name":"wp","href":"https:\/\/api.w.org\/{rel}","templated":true}]}}