{"id":15724,"date":"2026-01-12T09:17:27","date_gmt":"2026-01-12T12:17:27","guid":{"rendered":"https:\/\/lalupa24.com.ar\/?p=15724"},"modified":"2026-01-12T09:17:28","modified_gmt":"2026-01-12T12:17:28","slug":"maxima-tension-en-el-futbol-espanol-por-el-gesto-de-mbappe-tras-la-final-de-la-supercopa","status":"publish","type":"post","link":"https:\/\/lalupa24.com.ar\/index.php\/2026\/01\/12\/maxima-tension-en-el-futbol-espanol-por-el-gesto-de-mbappe-tras-la-final-de-la-supercopa\/","title":{"rendered":"M\u00c1XIMA TENSI\u00d3N EN EL F\u00daTBOL ESPA\u00d1OL POR EL GESTO DE MBAPP\u00c9 TRAS LA FINAL DE LA SUPERCOPA"},"content":{"rendered":"\n<p>La reciente final de la Supercopa de Espa\u00f1a, que culmin\u00f3 con la victoria del FC Barcelona por 3-2 sobre el Real Madrid, ha dejado una secuela de controversia que trasciende lo deportivo.<sup><\/sup> El centro de la pol\u00e9mica es Kylian Mbapp\u00e9, quien tras recibir la medalla de subcampe\u00f3n, realiz\u00f3 gestos de evidente molestia e inst\u00f3 a sus compa\u00f1eros a retirarse r\u00e1pidamente hacia los vestuarios.<sup><\/sup> Este comportamiento fue interpretado como un intento deliberado de evitar el tradicional &#8220;pasillo de honor&#8221; al conjunto catal\u00e1n, un gesto de deportividad profundamente arraigado en la cultura del f\u00fatbol espa\u00f1ol, lo que ha generado una ola de cr\u00edticas en diversos sectores.<sup><\/sup>+2<\/p>\n\n\n\n<p>Joan Laporta, presidente del Barcelona, no tard\u00f3 en manifestar su descontento ante lo ocurrido en el estadio King Abdullah Sports City de Yeda.<sup><\/sup> En declaraciones radiales, el directivo calific\u00f3 la actitud del delantero franc\u00e9s como sorprendente y poco generosa, se\u00f1alando que &#8220;en la victoria y en la derrota hay que ser respetuoso&#8221;.<sup><\/sup> Laporta ironiz\u00f3 sobre el estado an\u00edmico de los jugadores madridistas, sugiriendo que &#8220;deb\u00edan estar muy jodidos&#8221; al verse superados en el campo por su eterno rival, e hizo un llamado a mantener comportamientos normales dentro de la alta competencia.<\/p>\n\n\n\n<p>Desde el entorno del Real Madrid, la versi\u00f3n sobre los hechos intenta matizar la reacci\u00f3n de Mbapp\u00e9.<sup><\/sup> Fuentes del club blanco sugieren que el futbolista arrastraba una gran frustraci\u00f3n personal, no solo por el resultado, sino por haber forzado su estado f\u00edsico debido a una lesi\u00f3n de rodilla para poder participar en el encuentro. En la Casa Blanca sostienen que no hubo una directriz institucional para faltar al respeto al campe\u00f3n, sino que se trat\u00f3 de una reacci\u00f3n emocional individual en un momento de m\u00e1xima tensi\u00f3n competitiva, tras perder una final decisiva ante el principal competidor.<\/p>\n\n\n\n<p>El impacto de este incidente ha calado hondo en la prensa deportiva europea, que analiza el liderazgo de Mbapp\u00e9 dentro del vestuario merengue. Algunos analistas sostienen que su gesto de ordenar la retirada del equipo refleja un exceso de autoridad que podr\u00eda generar roces internos, mientras que otros lo ven como una muestra de su car\u00e1cter ultra-competitivo. Lo cierto es que la imagen de la estrella francesa abandonando el campo sin saludar a sus colegas azulgranas ha sido replicada globalmente, alimentando la narrativa de una rivalidad que parece haber recuperado su faceta m\u00e1s \u00e1cida.<\/p>\n\n\n\n<p>Este episodio se suma a una serie de fricciones previas entre ambos clubes durante la presente temporada de La Liga. La tensi\u00f3n en los despachos y en el campo de juego parece estar en su punto m\u00e1s alto de los \u00faltimos a\u00f1os. Expertos en marketing deportivo advierten que este tipo de pol\u00e9micas, aunque generan inter\u00e9s inmediato, pueden perjudicar la imagen de marca de los jugadores involucrados si se perciben como una falta de etiqueta profesional ante una audiencia global que demanda valores de &#8220;fair play&#8221;.<\/p>\n\n\n\n<p>El futuro inmediato deparar\u00e1 nuevos enfrentamientos entre Madrid y Barcelona, donde el comportamiento de Mbapp\u00e9 ser\u00e1 observado con lupa. La Real Federaci\u00f3n Espa\u00f1ola de F\u00fatbol y los organismos de \u00e9tica deportiva no han anunciado sanciones, dado que el pasillo es un acto protocolario no obligatorio, pero el da\u00f1o a la imagen de concordia institucional est\u00e1 hecho. La reflexi\u00f3n final recae sobre la responsabilidad de las figuras mundiales como referentes de conducta para las nuevas generaciones, en un deporte donde la l\u00ednea entre la pasi\u00f3n y la falta de respeto es cada vez m\u00e1s delgada.<\/p>\n","protected":false},"excerpt":{"rendered":"<p>La reciente final de la Supercopa de Espa\u00f1a, que culmin\u00f3 con la victoria del FC Barcelona por 3-2 sobre el Real Madrid, ha dejado una secuela de controversia que trasciende lo deportivo. El centro de la pol\u00e9mica es Kylian Mbapp\u00e9, quien tras recibir la medalla de subcampe\u00f3n, realiz\u00f3 gestos de evidente molestia e inst\u00f3 a [&hellip;]<\/p>\n","protected":false},"author":2,"featured_media":15708,"comment_status":"open","ping_status":"open","sticky":false,"template":"","format":"standard","meta":{"footnotes":""},"categories":[100],"tags":[],"class_list":{"0":"post-15724","1":"post","2":"type-post","3":"status-publish","4":"format-standard","5":"has-post-thumbnail","7":"category-deportes"},"aioseo_notices":[],"_links":{"self":[{"href":"https:\/\/lalupa24.com.ar\/index.php\/wp-json\/wp\/v2\/posts\/15724","targetHints":{"allow":["GET"]}}],"collection":[{"href":"https:\/\/lalupa24.com.ar\/index.php\/wp-json\/wp\/v2\/posts"}],"about":[{"href":"https:\/\/lalupa24.com.ar\/index.php\/wp-json\/wp\/v2\/types\/post"}],"author":[{"embeddable":true,"href":"https:\/\/lalupa24.com.ar\/index.php\/wp-json\/wp\/v2\/users\/2"}],"replies":[{"embeddable":true,"href":"https:\/\/lalupa24.com.ar\/index.php\/wp-json\/wp\/v2\/comments?post=15724"}],"version-history":[{"count":1,"href":"https:\/\/lalupa24.com.ar\/index.php\/wp-json\/wp\/v2\/posts\/15724\/revisions"}],"predecessor-version":[{"id":15725,"href":"https:\/\/lalupa24.com.ar\/index.php\/wp-json\/wp\/v2\/posts\/15724\/revisions\/15725"}],"wp:featuredmedia":[{"embeddable":true,"href":"https:\/\/lalupa24.com.ar\/index.php\/wp-json\/wp\/v2\/media\/15708"}],"wp:attachment":[{"href":"https:\/\/lalupa24.com.ar\/index.php\/wp-json\/wp\/v2\/media?parent=15724"}],"wp:term":[{"taxonomy":"category","embeddable":true,"href":"https:\/\/lalupa24.com.ar\/index.php\/wp-json\/wp\/v2\/categories?post=15724"},{"taxonomy":"post_tag","embeddable":true,"href":"https:\/\/lalupa24.com.ar\/index.php\/wp-json\/wp\/v2\/tags?post=15724"}],"curies":[{"name":"wp","href":"https:\/\/api.w.org\/{rel}","templated":true}]}}